{"id":18168,"date":"2020-06-22T13:15:00","date_gmt":"2020-06-22T11:15:00","guid":{"rendered":"https:\/\/ceaga.com\/?p=18168"},"modified":"2021-05-10T13:18:13","modified_gmt":"2021-05-10T11:18:13","slug":"the-president-of-the-galician-government-met-with-ceaga-to-know-the-logistics-platform-project","status":"publish","type":"post","link":"https:\/\/www.ceaga.com\/en\/the-president-of-the-galician-government-met-with-ceaga-to-know-the-logistics-platform-project\/","title":{"rendered":"The President of the Galician Government met with CEAGA to know the logistics platform project"},"content":{"rendered":"\n<p>This morning the President of the Xunta de Galicia, Alberto N\u00fa\u00f1ez Feij\u00f3o, accompanied by the Regional Minister of Economy, Employment and Industry, Francisco Conde has visited the CEAGA facilities to know at first-hand the \u201cLogistics Infrastructure 4.0\u201d project, promoted by the Cluster.<\/p>\n\n\n\n<p>At the meeting, where the President of CEAGA, Juan Antonio Lloves, accompanied by the Treasurer, Roberto Cavallo, also participated in a detailed explanation of the logistics platform project in which CEAGA works to solve the existing problem in many companies in the Sector, where Inbound and outbound logistics costs exceed personnel costs. In addition, the supplier industry has tripled its exports in recent years, reaching 1,850 million euros in 2019.<\/p>\n\n\n\n<p>The project was born with the aim of developing a shared intelligent logistics infrastructure that allows increasing the efficiency of the supply chain and expeditions of the Galician industry in a context of globalization and intersectoral cooperation, which will allow Galicia to be positioned as an ideal region for the activity industrial for its advanced logistics.<\/p>\n\n\n\n<p>Its implementation will allow managing and optimizing the logistics flow of companies in the different Galician industrial sectors: automotive, food and naval, giving rise to a comprehensive and inclusive infrastructure that reinforces all the agents involved.<\/p>\n\n\n\n<p>The infrastructure will enable intermodal logistics management that will promote maritime and rail transport. It will be directly connected, by train, with the automobile and container terminals of the Port of Vigo, which has numerous advantages. In addition, it allows to increase the range of connection opportunities with the rest of the world since it connects, in one direction, with the motorway of the sea (Nantes-Saint Nazaire) and in the other with the routes to Tangier and Algeciras.<\/p>\n\n\n\n<p>The President of the Xunta stressed that the project presented by CEAGA is \u201cvery innovative, unique in Europe and emblematic of the digital transformation in Galicia, since it will have the latest 4.0 technologies.\u201d It will function as a consolidation center combined with an advanced management system, which will improve logistics efficiency, both at the value chain level and individually for interested companies, while designing and testing new technologies and creating opportunities of business.<\/p>\n\n\n\n<p>For his part, the President of CEAGA, stated that \u201cthe implementation of the infrastructure will reduce the logistics costs of the Galician industry by 20%, which will contribute to reducing the environmental impact.\u201d In addition, it follows the trend marked from Europe with the Green Deal to boost the clean and zero emissions economy.<\/p>\n\n\n\n<p>Regarding the technical part of the platform, it will present three functionalities: Shared Transportation Management service, physical Infrastructure service and Logistics Innovation Center, managed by the Digital Innovation Hub of the Galician Industry accessible to carry out awareness-raising, training, demonstration and experimentation of new technologies on real operations.<\/p>\n","protected":false},"excerpt":{"rendered":"<p>This morning the President of the Xunta de Galicia, Alberto N\u00fa\u00f1ez Feij\u00f3o, accompanied by the Regional Minister of Economy, Employment and Industry, Francisco Conde has visited the CEAGA facilities to know at first-hand the \u201cLogistics Infrastructure 4.0\u201d project, promoted by the Cluster. At the meeting, where the President of CEAGA, Juan Antonio Lloves, accompanied by [&hellip;]<\/p>\n","protected":false},"author":36,"featured_media":18166,"comment_status":"closed","ping_status":"closed","sticky":false,"template":"","format":"standard","meta":{"_acf_changed":false,"footnotes":""},"categories":[2],"tags":[],"acf":[],"yoast_head":"<!-- This site is optimized with the Yoast SEO plugin v23.0 - https:\/\/yoast.com\/wordpress\/plugins\/seo\/ -->\n<title>The President of the Galician Government met with CEAGA to know the logistics platform project - CEAGA. Cluster de Automocion y Movilidad de Galicia<\/title>\n<meta name=\"robots\" content=\"index, follow, max-snippet:-1, max-image-preview:large, max-video-preview:-1\" \/>\n<link rel=\"canonical\" href=\"https:\/\/www.ceaga.com\/en\/the-president-of-the-galician-government-met-with-ceaga-to-know-the-logistics-platform-project\/\" \/>\n<meta property=\"og:locale\" content=\"en_US\" \/>\n<meta property=\"og:type\" content=\"article\" \/>\n<meta property=\"og:title\" content=\"The President of the Galician Government met with CEAGA to know the logistics platform project - CEAGA. Cluster de Automocion y Movilidad de Galicia\" \/>\n<meta property=\"og:description\" content=\"This morning the President of the Xunta de Galicia, Alberto N\u00fa\u00f1ez Feij\u00f3o, accompanied by the Regional Minister of Economy, Employment and Industry, Francisco Conde has visited the CEAGA facilities to know at first-hand the \u201cLogistics Infrastructure 4.0\u201d project, promoted by the Cluster. At the meeting, where the President of CEAGA, Juan Antonio Lloves, accompanied by [&hellip;]\" \/>\n<meta property=\"og:url\" content=\"https:\/\/www.ceaga.com\/en\/the-president-of-the-galician-government-met-with-ceaga-to-know-the-logistics-platform-project\/\" \/>\n<meta property=\"og:site_name\" content=\"CEAGA. Cluster de Automocion y Movilidad de Galicia\" \/>\n<meta property=\"article:published_time\" content=\"2020-06-22T11:15:00+00:00\" \/>\n<meta property=\"article:modified_time\" content=\"2021-05-10T11:18:13+00:00\" \/>\n<meta property=\"og:image\" content=\"https:\/\/www.ceaga.com\/wp-content\/uploads\/2021\/05\/I3LOG-scaled.jpeg\" \/>\n\t<meta property=\"og:image:width\" content=\"2560\" \/>\n\t<meta property=\"og:image:height\" content=\"2034\" \/>\n\t<meta property=\"og:image:type\" content=\"image\/jpeg\" \/>\n<meta name=\"author\" content=\"Clara Garc\u00eda\" \/>\n<meta name=\"twitter:card\" content=\"summary_large_image\" \/>\n<meta name=\"twitter:label1\" content=\"Written by\" \/>\n\t<meta name=\"twitter:data1\" content=\"Clara Garc\u00eda\" \/>\n\t<meta name=\"twitter:label2\" content=\"Est. reading time\" \/>\n\t<meta name=\"twitter:data2\" content=\"3 minutes\" \/>\n<script type=\"application\/ld+json\" class=\"yoast-schema-graph\">{\"@context\":\"https:\/\/schema.org\",\"@graph\":[{\"@type\":\"WebPage\",\"@id\":\"https:\/\/www.ceaga.com\/en\/the-president-of-the-galician-government-met-with-ceaga-to-know-the-logistics-platform-project\/\",\"url\":\"https:\/\/www.ceaga.com\/en\/the-president-of-the-galician-government-met-with-ceaga-to-know-the-logistics-platform-project\/\",\"name\":\"The President of the Galician Government met with CEAGA to know the logistics platform project - CEAGA. Cluster de Automocion y Movilidad de Galicia\",\"isPartOf\":{\"@id\":\"https:\/\/www.ceaga.com\/en\/#website\"},\"primaryImageOfPage\":{\"@id\":\"https:\/\/www.ceaga.com\/en\/the-president-of-the-galician-government-met-with-ceaga-to-know-the-logistics-platform-project\/#primaryimage\"},\"image\":{\"@id\":\"https:\/\/www.ceaga.com\/en\/the-president-of-the-galician-government-met-with-ceaga-to-know-the-logistics-platform-project\/#primaryimage\"},\"thumbnailUrl\":\"https:\/\/www.ceaga.com\/wp-content\/uploads\/2021\/05\/I3LOG-scaled.jpeg\",\"datePublished\":\"2020-06-22T11:15:00+00:00\",\"dateModified\":\"2021-05-10T11:18:13+00:00\",\"author\":{\"@id\":\"https:\/\/www.ceaga.com\/en\/#\/schema\/person\/e310c3cb56fea4c893cc86df17c65cd3\"},\"breadcrumb\":{\"@id\":\"https:\/\/www.ceaga.com\/en\/the-president-of-the-galician-government-met-with-ceaga-to-know-the-logistics-platform-project\/#breadcrumb\"},\"inLanguage\":\"en-US\",\"potentialAction\":[{\"@type\":\"ReadAction\",\"target\":[\"https:\/\/www.ceaga.com\/en\/the-president-of-the-galician-government-met-with-ceaga-to-know-the-logistics-platform-project\/\"]}]},{\"@type\":\"ImageObject\",\"inLanguage\":\"en-US\",\"@id\":\"https:\/\/www.ceaga.com\/en\/the-president-of-the-galician-government-met-with-ceaga-to-know-the-logistics-platform-project\/#primaryimage\",\"url\":\"https:\/\/www.ceaga.com\/wp-content\/uploads\/2021\/05\/I3LOG-scaled.jpeg\",\"contentUrl\":\"https:\/\/www.ceaga.com\/wp-content\/uploads\/2021\/05\/I3LOG-scaled.jpeg\",\"width\":2560,\"height\":2034},{\"@type\":\"BreadcrumbList\",\"@id\":\"https:\/\/www.ceaga.com\/en\/the-president-of-the-galician-government-met-with-ceaga-to-know-the-logistics-platform-project\/#breadcrumb\",\"itemListElement\":[{\"@type\":\"ListItem\",\"position\":1,\"name\":\"Portada\",\"item\":\"https:\/\/www.ceaga.com\/en\/\"},{\"@type\":\"ListItem\",\"position\":2,\"name\":\"The President of the Galician Government met with CEAGA to know the logistics platform project\"}]},{\"@type\":\"WebSite\",\"@id\":\"https:\/\/www.ceaga.com\/en\/#website\",\"url\":\"https:\/\/www.ceaga.com\/en\/\",\"name\":\"CEAGA. Cluster de Automoci\u00f3n y Movilidad de Galicia\",\"description\":\"CEAGA atesora a\u00f1os de experiencia en la puesta en marcha de proyectos colaborativos de alto impacto. Actualmente, damos soporte y apoyo estrat\u00e9gico en cluster management a otras entidades a nivel nacional e internacional. Para m\u00e1s info, solicita una reuni\u00f3n a trav\u00e9s de: ceaga@ceaga.com\",\"potentialAction\":[{\"@type\":\"SearchAction\",\"target\":{\"@type\":\"EntryPoint\",\"urlTemplate\":\"https:\/\/www.ceaga.com\/en\/?s={search_term_string}\"},\"query-input\":\"required name=search_term_string\"}],\"inLanguage\":\"en-US\"},{\"@type\":\"Person\",\"@id\":\"https:\/\/www.ceaga.com\/en\/#\/schema\/person\/e310c3cb56fea4c893cc86df17c65cd3\",\"name\":\"Clara Garc\u00eda\",\"url\":\"https:\/\/www.ceaga.com\/en\/author\/clara\/\"}]}<\/script>\n<!-- \/ Yoast SEO plugin. -->","yoast_head_json":{"title":"The President of the Galician Government met with CEAGA to know the logistics platform project - CEAGA. Cluster de Automocion y Movilidad de Galicia","robots":{"index":"index","follow":"follow","max-snippet":"max-snippet:-1","max-image-preview":"max-image-preview:large","max-video-preview":"max-video-preview:-1"},"canonical":"https:\/\/www.ceaga.com\/en\/the-president-of-the-galician-government-met-with-ceaga-to-know-the-logistics-platform-project\/","og_locale":"en_US","og_type":"article","og_title":"The President of the Galician Government met with CEAGA to know the logistics platform project - CEAGA. Cluster de Automocion y Movilidad de Galicia","og_description":"This morning the President of the Xunta de Galicia, Alberto N\u00fa\u00f1ez Feij\u00f3o, accompanied by the Regional Minister of Economy, Employment and Industry, Francisco Conde has visited the CEAGA facilities to know at first-hand the \u201cLogistics Infrastructure 4.0\u201d project, promoted by the Cluster. At the meeting, where the President of CEAGA, Juan Antonio Lloves, accompanied by [&hellip;]","og_url":"https:\/\/www.ceaga.com\/en\/the-president-of-the-galician-government-met-with-ceaga-to-know-the-logistics-platform-project\/","og_site_name":"CEAGA. Cluster de Automocion y Movilidad de Galicia","article_published_time":"2020-06-22T11:15:00+00:00","article_modified_time":"2021-05-10T11:18:13+00:00","og_image":[{"width":2560,"height":2034,"url":"https:\/\/www.ceaga.com\/wp-content\/uploads\/2021\/05\/I3LOG-scaled.jpeg","type":"image\/jpeg"}],"author":"Clara Garc\u00eda","twitter_card":"summary_large_image","twitter_misc":{"Written by":"Clara Garc\u00eda","Est. reading time":"3 minutes"},"schema":{"@context":"https:\/\/schema.org","@graph":[{"@type":"WebPage","@id":"https:\/\/www.ceaga.com\/en\/the-president-of-the-galician-government-met-with-ceaga-to-know-the-logistics-platform-project\/","url":"https:\/\/www.ceaga.com\/en\/the-president-of-the-galician-government-met-with-ceaga-to-know-the-logistics-platform-project\/","name":"The President of the Galician Government met with CEAGA to know the logistics platform project - CEAGA. Cluster de Automocion y Movilidad de Galicia","isPartOf":{"@id":"https:\/\/www.ceaga.com\/en\/#website"},"primaryImageOfPage":{"@id":"https:\/\/www.ceaga.com\/en\/the-president-of-the-galician-government-met-with-ceaga-to-know-the-logistics-platform-project\/#primaryimage"},"image":{"@id":"https:\/\/www.ceaga.com\/en\/the-president-of-the-galician-government-met-with-ceaga-to-know-the-logistics-platform-project\/#primaryimage"},"thumbnailUrl":"https:\/\/www.ceaga.com\/wp-content\/uploads\/2021\/05\/I3LOG-scaled.jpeg","datePublished":"2020-06-22T11:15:00+00:00","dateModified":"2021-05-10T11:18:13+00:00","author":{"@id":"https:\/\/www.ceaga.com\/en\/#\/schema\/person\/e310c3cb56fea4c893cc86df17c65cd3"},"breadcrumb":{"@id":"https:\/\/www.ceaga.com\/en\/the-president-of-the-galician-government-met-with-ceaga-to-know-the-logistics-platform-project\/#breadcrumb"},"inLanguage":"en-US","potentialAction":[{"@type":"ReadAction","target":["https:\/\/www.ceaga.com\/en\/the-president-of-the-galician-government-met-with-ceaga-to-know-the-logistics-platform-project\/"]}]},{"@type":"ImageObject","inLanguage":"en-US","@id":"https:\/\/www.ceaga.com\/en\/the-president-of-the-galician-government-met-with-ceaga-to-know-the-logistics-platform-project\/#primaryimage","url":"https:\/\/www.ceaga.com\/wp-content\/uploads\/2021\/05\/I3LOG-scaled.jpeg","contentUrl":"https:\/\/www.ceaga.com\/wp-content\/uploads\/2021\/05\/I3LOG-scaled.jpeg","width":2560,"height":2034},{"@type":"BreadcrumbList","@id":"https:\/\/www.ceaga.com\/en\/the-president-of-the-galician-government-met-with-ceaga-to-know-the-logistics-platform-project\/#breadcrumb","itemListElement":[{"@type":"ListItem","position":1,"name":"Portada","item":"https:\/\/www.ceaga.com\/en\/"},{"@type":"ListItem","position":2,"name":"The President of the Galician Government met with CEAGA to know the logistics platform project"}]},{"@type":"WebSite","@id":"https:\/\/www.ceaga.com\/en\/#website","url":"https:\/\/www.ceaga.com\/en\/","name":"CEAGA. Cluster de Automoci\u00f3n y Movilidad de Galicia","description":"CEAGA atesora a\u00f1os de experiencia en la puesta en marcha de proyectos colaborativos de alto impacto. Actualmente, damos soporte y apoyo estrat\u00e9gico en cluster management a otras entidades a nivel nacional e internacional. Para m\u00e1s info, solicita una reuni\u00f3n a trav\u00e9s de: ceaga@ceaga.com","potentialAction":[{"@type":"SearchAction","target":{"@type":"EntryPoint","urlTemplate":"https:\/\/www.ceaga.com\/en\/?s={search_term_string}"},"query-input":"required name=search_term_string"}],"inLanguage":"en-US"},{"@type":"Person","@id":"https:\/\/www.ceaga.com\/en\/#\/schema\/person\/e310c3cb56fea4c893cc86df17c65cd3","name":"Clara Garc\u00eda","url":"https:\/\/www.ceaga.com\/en\/author\/clara\/"}]}},"_links":{"self":[{"href":"https:\/\/www.ceaga.com\/en\/wp-json\/wp\/v2\/posts\/18168"}],"collection":[{"href":"https:\/\/www.ceaga.com\/en\/wp-json\/wp\/v2\/posts"}],"about":[{"href":"https:\/\/www.ceaga.com\/en\/wp-json\/wp\/v2\/types\/post"}],"author":[{"embeddable":true,"href":"https:\/\/www.ceaga.com\/en\/wp-json\/wp\/v2\/users\/36"}],"replies":[{"embeddable":true,"href":"https:\/\/www.ceaga.com\/en\/wp-json\/wp\/v2\/comments?post=18168"}],"version-history":[{"count":2,"href":"https:\/\/www.ceaga.com\/en\/wp-json\/wp\/v2\/posts\/18168\/revisions"}],"predecessor-version":[{"id":18170,"href":"https:\/\/www.ceaga.com\/en\/wp-json\/wp\/v2\/posts\/18168\/revisions\/18170"}],"wp:featuredmedia":[{"embeddable":true,"href":"https:\/\/www.ceaga.com\/en\/wp-json\/wp\/v2\/media\/18166"}],"wp:attachment":[{"href":"https:\/\/www.ceaga.com\/en\/wp-json\/wp\/v2\/media?parent=18168"}],"wp:term":[{"taxonomy":"category","embeddable":true,"href":"https:\/\/www.ceaga.com\/en\/wp-json\/wp\/v2\/categories?post=18168"},{"taxonomy":"post_tag","embeddable":true,"href":"https:\/\/www.ceaga.com\/en\/wp-json\/wp\/v2\/tags?post=18168"}],"curies":[{"name":"wp","href":"https:\/\/api.w.org\/{rel}","templated":true}]}}