{"id":18155,"date":"2020-07-02T12:58:00","date_gmt":"2020-07-02T10:58:00","guid":{"rendered":"https:\/\/ceaga.com\/?p=18155"},"modified":"2021-05-10T13:02:24","modified_gmt":"2021-05-10T11:02:24","slug":"ceaga-met-with-the-european-commissioner-thierry-breton","status":"publish","type":"post","link":"https:\/\/www.ceaga.com\/en\/ceaga-met-with-the-european-commissioner-thierry-breton\/","title":{"rendered":"CEAGA met with the European Commissioner, Thierry Breton"},"content":{"rendered":"\n<p>CEAGA participated, on Tuesday June 30, in a virtual meeting with the European Commissioner for the Internal Market, Thierry Breton, and the European Clusters Alliance to analyze the role of clusters in Europe\u2019s recovery plan in the face of the economic and social crisis caused by the Covid-19 pandemic.<\/p>\n\n\n\n<p>To ensure that the recovery is sustainable, equitable, inclusive and fair for all member states, the European Commission proposed, last May, to create a new recovery instrument, Next Generation EU, with a long-term view. In addition, the Commission also presented its roadmap for 2020, which will prioritize the actions necessary to promote the recovery of Europe, and that is why it wanted to meet with the European Clusters Alliance to study the role that clusters will play in this plan.<\/p>\n\n\n\n<p>Among the strong ideas drawn from the meeting, it was stated that, in the new scenario marked by uncertainty, clusters must act as industrial ecosystems united through the digital network. In fact, digitization will be a key piece to face new challenges, so clusters must pay special attention to promote innovation and help companies adapt to the new paradigm of digital transformation.<\/p>\n\n\n\n<p>The European Commissioner for the Internal Market, Thierry Breton, also highlighted the concept of the value chain and pointed to cooperation as a way forward to undertake initiatives of high strategic value that help to repair the damage caused by the crisis. In addition, he advanced his idea of \u200b\u200bspeaking with all the industry ministers so that they lean on the Clusters in their objective of promoting competitiveness and open innovation.<\/p>\n","protected":false},"excerpt":{"rendered":"<p>CEAGA participated, on Tuesday June 30, in a virtual meeting with the European Commissioner for the Internal Market, Thierry Breton, and the European Clusters Alliance to analyze the role of clusters in Europe\u2019s recovery plan in the face of the economic and social crisis caused by the Covid-19 pandemic. To ensure that the recovery is [&hellip;]<\/p>\n","protected":false},"author":36,"featured_media":18153,"comment_status":"closed","ping_status":"closed","sticky":false,"template":"","format":"standard","meta":{"_acf_changed":false,"footnotes":""},"categories":[2],"tags":[],"acf":[],"yoast_head":"<!-- This site is optimized with the Yoast SEO plugin v23.0 - https:\/\/yoast.com\/wordpress\/plugins\/seo\/ -->\n<title>CEAGA met with the European Commissioner, Thierry Breton - CEAGA. Cluster de Automocion y Movilidad de Galicia<\/title>\n<meta name=\"robots\" content=\"index, follow, max-snippet:-1, max-image-preview:large, max-video-preview:-1\" \/>\n<link rel=\"canonical\" href=\"https:\/\/www.ceaga.com\/en\/ceaga-met-with-the-european-commissioner-thierry-breton\/\" \/>\n<meta property=\"og:locale\" content=\"en_US\" \/>\n<meta property=\"og:type\" content=\"article\" \/>\n<meta property=\"og:title\" content=\"CEAGA met with the European Commissioner, Thierry Breton - CEAGA. Cluster de Automocion y Movilidad de Galicia\" \/>\n<meta property=\"og:description\" content=\"CEAGA participated, on Tuesday June 30, in a virtual meeting with the European Commissioner for the Internal Market, Thierry Breton, and the European Clusters Alliance to analyze the role of clusters in Europe\u2019s recovery plan in the face of the economic and social crisis caused by the Covid-19 pandemic. To ensure that the recovery is [&hellip;]\" \/>\n<meta property=\"og:url\" content=\"https:\/\/www.ceaga.com\/en\/ceaga-met-with-the-european-commissioner-thierry-breton\/\" \/>\n<meta property=\"og:site_name\" content=\"CEAGA. Cluster de Automocion y Movilidad de Galicia\" \/>\n<meta property=\"article:published_time\" content=\"2020-07-02T10:58:00+00:00\" \/>\n<meta property=\"article:modified_time\" content=\"2021-05-10T11:02:24+00:00\" \/>\n<meta property=\"og:image\" content=\"https:\/\/www.ceaga.com\/wp-content\/uploads\/2021\/05\/Reunion-Thierry-Breton.jpeg\" \/>\n\t<meta property=\"og:image:width\" content=\"680\" \/>\n\t<meta property=\"og:image:height\" content=\"383\" \/>\n\t<meta property=\"og:image:type\" content=\"image\/jpeg\" \/>\n<meta name=\"author\" content=\"Clara Garc\u00eda\" \/>\n<meta name=\"twitter:card\" content=\"summary_large_image\" \/>\n<meta name=\"twitter:label1\" content=\"Written by\" \/>\n\t<meta name=\"twitter:data1\" content=\"Clara Garc\u00eda\" \/>\n\t<meta name=\"twitter:label2\" content=\"Est. reading time\" \/>\n\t<meta name=\"twitter:data2\" content=\"2 minutes\" \/>\n<script type=\"application\/ld+json\" class=\"yoast-schema-graph\">{\"@context\":\"https:\/\/schema.org\",\"@graph\":[{\"@type\":\"WebPage\",\"@id\":\"https:\/\/www.ceaga.com\/en\/ceaga-met-with-the-european-commissioner-thierry-breton\/\",\"url\":\"https:\/\/www.ceaga.com\/en\/ceaga-met-with-the-european-commissioner-thierry-breton\/\",\"name\":\"CEAGA met with the European Commissioner, Thierry Breton - CEAGA. Cluster de Automocion y Movilidad de Galicia\",\"isPartOf\":{\"@id\":\"https:\/\/www.ceaga.com\/en\/#website\"},\"primaryImageOfPage\":{\"@id\":\"https:\/\/www.ceaga.com\/en\/ceaga-met-with-the-european-commissioner-thierry-breton\/#primaryimage\"},\"image\":{\"@id\":\"https:\/\/www.ceaga.com\/en\/ceaga-met-with-the-european-commissioner-thierry-breton\/#primaryimage\"},\"thumbnailUrl\":\"https:\/\/www.ceaga.com\/wp-content\/uploads\/2021\/05\/Reunion-Thierry-Breton.jpeg\",\"datePublished\":\"2020-07-02T10:58:00+00:00\",\"dateModified\":\"2021-05-10T11:02:24+00:00\",\"author\":{\"@id\":\"https:\/\/www.ceaga.com\/en\/#\/schema\/person\/e310c3cb56fea4c893cc86df17c65cd3\"},\"breadcrumb\":{\"@id\":\"https:\/\/www.ceaga.com\/en\/ceaga-met-with-the-european-commissioner-thierry-breton\/#breadcrumb\"},\"inLanguage\":\"en-US\",\"potentialAction\":[{\"@type\":\"ReadAction\",\"target\":[\"https:\/\/www.ceaga.com\/en\/ceaga-met-with-the-european-commissioner-thierry-breton\/\"]}]},{\"@type\":\"ImageObject\",\"inLanguage\":\"en-US\",\"@id\":\"https:\/\/www.ceaga.com\/en\/ceaga-met-with-the-european-commissioner-thierry-breton\/#primaryimage\",\"url\":\"https:\/\/www.ceaga.com\/wp-content\/uploads\/2021\/05\/Reunion-Thierry-Breton.jpeg\",\"contentUrl\":\"https:\/\/www.ceaga.com\/wp-content\/uploads\/2021\/05\/Reunion-Thierry-Breton.jpeg\",\"width\":680,\"height\":383},{\"@type\":\"BreadcrumbList\",\"@id\":\"https:\/\/www.ceaga.com\/en\/ceaga-met-with-the-european-commissioner-thierry-breton\/#breadcrumb\",\"itemListElement\":[{\"@type\":\"ListItem\",\"position\":1,\"name\":\"Portada\",\"item\":\"https:\/\/www.ceaga.com\/en\/\"},{\"@type\":\"ListItem\",\"position\":2,\"name\":\"CEAGA met with the European Commissioner, Thierry Breton\"}]},{\"@type\":\"WebSite\",\"@id\":\"https:\/\/www.ceaga.com\/en\/#website\",\"url\":\"https:\/\/www.ceaga.com\/en\/\",\"name\":\"CEAGA. Cluster de Automoci\u00f3n y Movilidad de Galicia\",\"description\":\"CEAGA atesora a\u00f1os de experiencia en la puesta en marcha de proyectos colaborativos de alto impacto. Actualmente, damos soporte y apoyo estrat\u00e9gico en cluster management a otras entidades a nivel nacional e internacional. Para m\u00e1s info, solicita una reuni\u00f3n a trav\u00e9s de: ceaga@ceaga.com\",\"potentialAction\":[{\"@type\":\"SearchAction\",\"target\":{\"@type\":\"EntryPoint\",\"urlTemplate\":\"https:\/\/www.ceaga.com\/en\/?s={search_term_string}\"},\"query-input\":\"required name=search_term_string\"}],\"inLanguage\":\"en-US\"},{\"@type\":\"Person\",\"@id\":\"https:\/\/www.ceaga.com\/en\/#\/schema\/person\/e310c3cb56fea4c893cc86df17c65cd3\",\"name\":\"Clara Garc\u00eda\",\"url\":\"https:\/\/www.ceaga.com\/en\/author\/clara\/\"}]}<\/script>\n<!-- \/ Yoast SEO plugin. -->","yoast_head_json":{"title":"CEAGA met with the European Commissioner, Thierry Breton - CEAGA. Cluster de Automocion y Movilidad de Galicia","robots":{"index":"index","follow":"follow","max-snippet":"max-snippet:-1","max-image-preview":"max-image-preview:large","max-video-preview":"max-video-preview:-1"},"canonical":"https:\/\/www.ceaga.com\/en\/ceaga-met-with-the-european-commissioner-thierry-breton\/","og_locale":"en_US","og_type":"article","og_title":"CEAGA met with the European Commissioner, Thierry Breton - CEAGA. Cluster de Automocion y Movilidad de Galicia","og_description":"CEAGA participated, on Tuesday June 30, in a virtual meeting with the European Commissioner for the Internal Market, Thierry Breton, and the European Clusters Alliance to analyze the role of clusters in Europe\u2019s recovery plan in the face of the economic and social crisis caused by the Covid-19 pandemic. To ensure that the recovery is [&hellip;]","og_url":"https:\/\/www.ceaga.com\/en\/ceaga-met-with-the-european-commissioner-thierry-breton\/","og_site_name":"CEAGA. Cluster de Automocion y Movilidad de Galicia","article_published_time":"2020-07-02T10:58:00+00:00","article_modified_time":"2021-05-10T11:02:24+00:00","og_image":[{"width":680,"height":383,"url":"https:\/\/www.ceaga.com\/wp-content\/uploads\/2021\/05\/Reunion-Thierry-Breton.jpeg","type":"image\/jpeg"}],"author":"Clara Garc\u00eda","twitter_card":"summary_large_image","twitter_misc":{"Written by":"Clara Garc\u00eda","Est. reading time":"2 minutes"},"schema":{"@context":"https:\/\/schema.org","@graph":[{"@type":"WebPage","@id":"https:\/\/www.ceaga.com\/en\/ceaga-met-with-the-european-commissioner-thierry-breton\/","url":"https:\/\/www.ceaga.com\/en\/ceaga-met-with-the-european-commissioner-thierry-breton\/","name":"CEAGA met with the European Commissioner, Thierry Breton - CEAGA. Cluster de Automocion y Movilidad de Galicia","isPartOf":{"@id":"https:\/\/www.ceaga.com\/en\/#website"},"primaryImageOfPage":{"@id":"https:\/\/www.ceaga.com\/en\/ceaga-met-with-the-european-commissioner-thierry-breton\/#primaryimage"},"image":{"@id":"https:\/\/www.ceaga.com\/en\/ceaga-met-with-the-european-commissioner-thierry-breton\/#primaryimage"},"thumbnailUrl":"https:\/\/www.ceaga.com\/wp-content\/uploads\/2021\/05\/Reunion-Thierry-Breton.jpeg","datePublished":"2020-07-02T10:58:00+00:00","dateModified":"2021-05-10T11:02:24+00:00","author":{"@id":"https:\/\/www.ceaga.com\/en\/#\/schema\/person\/e310c3cb56fea4c893cc86df17c65cd3"},"breadcrumb":{"@id":"https:\/\/www.ceaga.com\/en\/ceaga-met-with-the-european-commissioner-thierry-breton\/#breadcrumb"},"inLanguage":"en-US","potentialAction":[{"@type":"ReadAction","target":["https:\/\/www.ceaga.com\/en\/ceaga-met-with-the-european-commissioner-thierry-breton\/"]}]},{"@type":"ImageObject","inLanguage":"en-US","@id":"https:\/\/www.ceaga.com\/en\/ceaga-met-with-the-european-commissioner-thierry-breton\/#primaryimage","url":"https:\/\/www.ceaga.com\/wp-content\/uploads\/2021\/05\/Reunion-Thierry-Breton.jpeg","contentUrl":"https:\/\/www.ceaga.com\/wp-content\/uploads\/2021\/05\/Reunion-Thierry-Breton.jpeg","width":680,"height":383},{"@type":"BreadcrumbList","@id":"https:\/\/www.ceaga.com\/en\/ceaga-met-with-the-european-commissioner-thierry-breton\/#breadcrumb","itemListElement":[{"@type":"ListItem","position":1,"name":"Portada","item":"https:\/\/www.ceaga.com\/en\/"},{"@type":"ListItem","position":2,"name":"CEAGA met with the European Commissioner, Thierry Breton"}]},{"@type":"WebSite","@id":"https:\/\/www.ceaga.com\/en\/#website","url":"https:\/\/www.ceaga.com\/en\/","name":"CEAGA. Cluster de Automoci\u00f3n y Movilidad de Galicia","description":"CEAGA atesora a\u00f1os de experiencia en la puesta en marcha de proyectos colaborativos de alto impacto. Actualmente, damos soporte y apoyo estrat\u00e9gico en cluster management a otras entidades a nivel nacional e internacional. Para m\u00e1s info, solicita una reuni\u00f3n a trav\u00e9s de: ceaga@ceaga.com","potentialAction":[{"@type":"SearchAction","target":{"@type":"EntryPoint","urlTemplate":"https:\/\/www.ceaga.com\/en\/?s={search_term_string}"},"query-input":"required name=search_term_string"}],"inLanguage":"en-US"},{"@type":"Person","@id":"https:\/\/www.ceaga.com\/en\/#\/schema\/person\/e310c3cb56fea4c893cc86df17c65cd3","name":"Clara Garc\u00eda","url":"https:\/\/www.ceaga.com\/en\/author\/clara\/"}]}},"_links":{"self":[{"href":"https:\/\/www.ceaga.com\/en\/wp-json\/wp\/v2\/posts\/18155"}],"collection":[{"href":"https:\/\/www.ceaga.com\/en\/wp-json\/wp\/v2\/posts"}],"about":[{"href":"https:\/\/www.ceaga.com\/en\/wp-json\/wp\/v2\/types\/post"}],"author":[{"embeddable":true,"href":"https:\/\/www.ceaga.com\/en\/wp-json\/wp\/v2\/users\/36"}],"replies":[{"embeddable":true,"href":"https:\/\/www.ceaga.com\/en\/wp-json\/wp\/v2\/comments?post=18155"}],"version-history":[{"count":1,"href":"https:\/\/www.ceaga.com\/en\/wp-json\/wp\/v2\/posts\/18155\/revisions"}],"predecessor-version":[{"id":18156,"href":"https:\/\/www.ceaga.com\/en\/wp-json\/wp\/v2\/posts\/18155\/revisions\/18156"}],"wp:featuredmedia":[{"embeddable":true,"href":"https:\/\/www.ceaga.com\/en\/wp-json\/wp\/v2\/media\/18153"}],"wp:attachment":[{"href":"https:\/\/www.ceaga.com\/en\/wp-json\/wp\/v2\/media?parent=18155"}],"wp:term":[{"taxonomy":"category","embeddable":true,"href":"https:\/\/www.ceaga.com\/en\/wp-json\/wp\/v2\/categories?post=18155"},{"taxonomy":"post_tag","embeddable":true,"href":"https:\/\/www.ceaga.com\/en\/wp-json\/wp\/v2\/tags?post=18155"}],"curies":[{"name":"wp","href":"https:\/\/api.w.org\/{rel}","templated":true}]}}