{"id":18083,"date":"2020-11-10T15:04:00","date_gmt":"2020-11-10T14:04:00","guid":{"rendered":"https:\/\/ceaga.com\/?p=18083"},"modified":"2021-05-07T15:04:57","modified_gmt":"2021-05-07T13:04:57","slug":"the-automotive-sector-and-the-galician-government-constitute-a-working-group-to-obtain-aid-from-the-european-recovery-fund","status":"publish","type":"post","link":"https:\/\/www.ceaga.com\/en\/the-automotive-sector-and-the-galician-government-constitute-a-working-group-to-obtain-aid-from-the-european-recovery-fund\/","title":{"rendered":"The automotive sector and the Galician Government constitute a working group to obtain aid from the European recovery fund"},"content":{"rendered":"\n<p>The Galician Automotive Sector and the Galician Government yesterday formed a working group focused on obtaining aid from the European Commission recovery fund (Next Generation EU). The meeting for the implementation of the sectoral working group, held at the CEAGA facilities, was attended by representatives of the Cluster, the Vigo plant of Groupe PSA and the Galician Automotive Technology Center (CTAG). On the part of the Galician Government, the president, Alberto N\u00fa\u00f1ez Feij\u00f3o, the second vice president and minister of Economy, Innovation and Business, Francisco Conde and the delegate of the Xunta de Galicia in Vigo, Marta Fern\u00e1ndez-Tapias attended.<\/p>\n\n\n\n<p>To compete for European funds, the automotive sector has drawn up a program of seven initiatives that mobilize around 1,300 million euros. Under the name of AutoAncora, this set of initiatives aims to transform the automotive industrial fabric through a technological, digital and ecological transition based on innovation and the development of manufacturing processes and clean, intelligent and sustainable products, serving as a mechanism of lasting anchorage in their territories.<\/p>\n\n\n\n<p>The managing director of CTAG, Luis Moreno, insisted on the need to \u201ctake advantage of European funds to lead the transition and the reactivation of the automotive sector, taking advantage of the industrial reality.\u201d<\/p>\n\n\n\n<p>Along the same lines, the director of the Vigo plant of Groupe PSA, Ignacio Bueno, assured that \u201cthe spirit of AutoAncora is to improve the competitiveness and productivity of the centers, which will allow them to anchor themselves in the Galician territory and continue to be an economic support and social for the area \u201d.<\/p>\n\n\n\n<p>The president of CEAGA, Juan Antonio Lloves, assured that AutoAncora is an ambitious package of actions that will allow the sector \u201cto continue moving forward in terms of digitization and sustainability\u201d.<\/p>\n\n\n\n<p>The president of the Xunta, Alberto N\u00fa\u00f1ez Feij\u00f3o, guaranteed his commitment to the Sector so that \u201cGalicia continues to be one of the great European regions in the production of vehicles and components\u201d.<\/p>\n","protected":false},"excerpt":{"rendered":"<p>The Galician Automotive Sector and the Galician Government yesterday formed a working group focused on obtaining aid from the European Commission recovery fund (Next Generation EU). The meeting for the implementation of the sectoral working group, held at the CEAGA facilities, was attended by representatives of the Cluster, the Vigo plant of Groupe PSA and [&hellip;]<\/p>\n","protected":false},"author":36,"featured_media":18081,"comment_status":"closed","ping_status":"closed","sticky":false,"template":"","format":"standard","meta":{"_acf_changed":false,"footnotes":""},"categories":[2],"tags":[],"acf":[],"yoast_head":"<!-- This site is optimized with the Yoast SEO plugin v23.0 - https:\/\/yoast.com\/wordpress\/plugins\/seo\/ -->\n<title>The automotive sector and the Galician Government constitute a working group to obtain aid from the European recovery fund - CEAGA. Cluster de Automocion y Movilidad de Galicia<\/title>\n<meta name=\"robots\" content=\"index, follow, max-snippet:-1, max-image-preview:large, max-video-preview:-1\" \/>\n<link rel=\"canonical\" href=\"https:\/\/www.ceaga.com\/en\/the-automotive-sector-and-the-galician-government-constitute-a-working-group-to-obtain-aid-from-the-european-recovery-fund\/\" \/>\n<meta property=\"og:locale\" content=\"en_US\" \/>\n<meta property=\"og:type\" content=\"article\" \/>\n<meta property=\"og:title\" content=\"The automotive sector and the Galician Government constitute a working group to obtain aid from the European recovery fund - CEAGA. Cluster de Automocion y Movilidad de Galicia\" \/>\n<meta property=\"og:description\" content=\"The Galician Automotive Sector and the Galician Government yesterday formed a working group focused on obtaining aid from the European Commission recovery fund (Next Generation EU). The meeting for the implementation of the sectoral working group, held at the CEAGA facilities, was attended by representatives of the Cluster, the Vigo plant of Groupe PSA and [&hellip;]\" \/>\n<meta property=\"og:url\" content=\"https:\/\/www.ceaga.com\/en\/the-automotive-sector-and-the-galician-government-constitute-a-working-group-to-obtain-aid-from-the-european-recovery-fund\/\" \/>\n<meta property=\"og:site_name\" content=\"CEAGA. Cluster de Automocion y Movilidad de Galicia\" \/>\n<meta property=\"article:published_time\" content=\"2020-11-10T14:04:00+00:00\" \/>\n<meta property=\"article:modified_time\" content=\"2021-05-07T13:04:57+00:00\" \/>\n<meta property=\"og:image\" content=\"https:\/\/www.ceaga.com\/wp-content\/uploads\/2021\/05\/AutoAncora.jpeg\" \/>\n\t<meta property=\"og:image:width\" content=\"1600\" \/>\n\t<meta property=\"og:image:height\" content=\"1041\" \/>\n\t<meta property=\"og:image:type\" content=\"image\/jpeg\" \/>\n<meta name=\"author\" content=\"Clara Garc\u00eda\" \/>\n<meta name=\"twitter:card\" content=\"summary_large_image\" \/>\n<meta name=\"twitter:label1\" content=\"Written by\" \/>\n\t<meta name=\"twitter:data1\" content=\"Clara Garc\u00eda\" \/>\n\t<meta name=\"twitter:label2\" content=\"Est. reading time\" \/>\n\t<meta name=\"twitter:data2\" content=\"2 minutes\" \/>\n<script type=\"application\/ld+json\" class=\"yoast-schema-graph\">{\"@context\":\"https:\/\/schema.org\",\"@graph\":[{\"@type\":\"WebPage\",\"@id\":\"https:\/\/www.ceaga.com\/en\/the-automotive-sector-and-the-galician-government-constitute-a-working-group-to-obtain-aid-from-the-european-recovery-fund\/\",\"url\":\"https:\/\/www.ceaga.com\/en\/the-automotive-sector-and-the-galician-government-constitute-a-working-group-to-obtain-aid-from-the-european-recovery-fund\/\",\"name\":\"The automotive sector and the Galician Government constitute a working group to obtain aid from the European recovery fund - CEAGA. Cluster de Automocion y Movilidad de Galicia\",\"isPartOf\":{\"@id\":\"https:\/\/www.ceaga.com\/en\/#website\"},\"primaryImageOfPage\":{\"@id\":\"https:\/\/www.ceaga.com\/en\/the-automotive-sector-and-the-galician-government-constitute-a-working-group-to-obtain-aid-from-the-european-recovery-fund\/#primaryimage\"},\"image\":{\"@id\":\"https:\/\/www.ceaga.com\/en\/the-automotive-sector-and-the-galician-government-constitute-a-working-group-to-obtain-aid-from-the-european-recovery-fund\/#primaryimage\"},\"thumbnailUrl\":\"https:\/\/www.ceaga.com\/wp-content\/uploads\/2021\/05\/AutoAncora.jpeg\",\"datePublished\":\"2020-11-10T14:04:00+00:00\",\"dateModified\":\"2021-05-07T13:04:57+00:00\",\"author\":{\"@id\":\"https:\/\/www.ceaga.com\/en\/#\/schema\/person\/e310c3cb56fea4c893cc86df17c65cd3\"},\"breadcrumb\":{\"@id\":\"https:\/\/www.ceaga.com\/en\/the-automotive-sector-and-the-galician-government-constitute-a-working-group-to-obtain-aid-from-the-european-recovery-fund\/#breadcrumb\"},\"inLanguage\":\"en-US\",\"potentialAction\":[{\"@type\":\"ReadAction\",\"target\":[\"https:\/\/www.ceaga.com\/en\/the-automotive-sector-and-the-galician-government-constitute-a-working-group-to-obtain-aid-from-the-european-recovery-fund\/\"]}]},{\"@type\":\"ImageObject\",\"inLanguage\":\"en-US\",\"@id\":\"https:\/\/www.ceaga.com\/en\/the-automotive-sector-and-the-galician-government-constitute-a-working-group-to-obtain-aid-from-the-european-recovery-fund\/#primaryimage\",\"url\":\"https:\/\/www.ceaga.com\/wp-content\/uploads\/2021\/05\/AutoAncora.jpeg\",\"contentUrl\":\"https:\/\/www.ceaga.com\/wp-content\/uploads\/2021\/05\/AutoAncora.jpeg\",\"width\":1600,\"height\":1041},{\"@type\":\"BreadcrumbList\",\"@id\":\"https:\/\/www.ceaga.com\/en\/the-automotive-sector-and-the-galician-government-constitute-a-working-group-to-obtain-aid-from-the-european-recovery-fund\/#breadcrumb\",\"itemListElement\":[{\"@type\":\"ListItem\",\"position\":1,\"name\":\"Portada\",\"item\":\"https:\/\/www.ceaga.com\/en\/\"},{\"@type\":\"ListItem\",\"position\":2,\"name\":\"The automotive sector and the Galician Government constitute a working group to obtain aid from the European recovery fund\"}]},{\"@type\":\"WebSite\",\"@id\":\"https:\/\/www.ceaga.com\/en\/#website\",\"url\":\"https:\/\/www.ceaga.com\/en\/\",\"name\":\"CEAGA. Cluster de Automoci\u00f3n y Movilidad de Galicia\",\"description\":\"CEAGA atesora a\u00f1os de experiencia en la puesta en marcha de proyectos colaborativos de alto impacto. Actualmente, damos soporte y apoyo estrat\u00e9gico en cluster management a otras entidades a nivel nacional e internacional. Para m\u00e1s info, solicita una reuni\u00f3n a trav\u00e9s de: ceaga@ceaga.com\",\"potentialAction\":[{\"@type\":\"SearchAction\",\"target\":{\"@type\":\"EntryPoint\",\"urlTemplate\":\"https:\/\/www.ceaga.com\/en\/?s={search_term_string}\"},\"query-input\":\"required name=search_term_string\"}],\"inLanguage\":\"en-US\"},{\"@type\":\"Person\",\"@id\":\"https:\/\/www.ceaga.com\/en\/#\/schema\/person\/e310c3cb56fea4c893cc86df17c65cd3\",\"name\":\"Clara Garc\u00eda\",\"url\":\"https:\/\/www.ceaga.com\/en\/author\/clara\/\"}]}<\/script>\n<!-- \/ Yoast SEO plugin. -->","yoast_head_json":{"title":"The automotive sector and the Galician Government constitute a working group to obtain aid from the European recovery fund - CEAGA. Cluster de Automocion y Movilidad de Galicia","robots":{"index":"index","follow":"follow","max-snippet":"max-snippet:-1","max-image-preview":"max-image-preview:large","max-video-preview":"max-video-preview:-1"},"canonical":"https:\/\/www.ceaga.com\/en\/the-automotive-sector-and-the-galician-government-constitute-a-working-group-to-obtain-aid-from-the-european-recovery-fund\/","og_locale":"en_US","og_type":"article","og_title":"The automotive sector and the Galician Government constitute a working group to obtain aid from the European recovery fund - CEAGA. Cluster de Automocion y Movilidad de Galicia","og_description":"The Galician Automotive Sector and the Galician Government yesterday formed a working group focused on obtaining aid from the European Commission recovery fund (Next Generation EU). The meeting for the implementation of the sectoral working group, held at the CEAGA facilities, was attended by representatives of the Cluster, the Vigo plant of Groupe PSA and [&hellip;]","og_url":"https:\/\/www.ceaga.com\/en\/the-automotive-sector-and-the-galician-government-constitute-a-working-group-to-obtain-aid-from-the-european-recovery-fund\/","og_site_name":"CEAGA. Cluster de Automocion y Movilidad de Galicia","article_published_time":"2020-11-10T14:04:00+00:00","article_modified_time":"2021-05-07T13:04:57+00:00","og_image":[{"width":1600,"height":1041,"url":"https:\/\/www.ceaga.com\/wp-content\/uploads\/2021\/05\/AutoAncora.jpeg","type":"image\/jpeg"}],"author":"Clara Garc\u00eda","twitter_card":"summary_large_image","twitter_misc":{"Written by":"Clara Garc\u00eda","Est. reading time":"2 minutes"},"schema":{"@context":"https:\/\/schema.org","@graph":[{"@type":"WebPage","@id":"https:\/\/www.ceaga.com\/en\/the-automotive-sector-and-the-galician-government-constitute-a-working-group-to-obtain-aid-from-the-european-recovery-fund\/","url":"https:\/\/www.ceaga.com\/en\/the-automotive-sector-and-the-galician-government-constitute-a-working-group-to-obtain-aid-from-the-european-recovery-fund\/","name":"The automotive sector and the Galician Government constitute a working group to obtain aid from the European recovery fund - CEAGA. Cluster de Automocion y Movilidad de Galicia","isPartOf":{"@id":"https:\/\/www.ceaga.com\/en\/#website"},"primaryImageOfPage":{"@id":"https:\/\/www.ceaga.com\/en\/the-automotive-sector-and-the-galician-government-constitute-a-working-group-to-obtain-aid-from-the-european-recovery-fund\/#primaryimage"},"image":{"@id":"https:\/\/www.ceaga.com\/en\/the-automotive-sector-and-the-galician-government-constitute-a-working-group-to-obtain-aid-from-the-european-recovery-fund\/#primaryimage"},"thumbnailUrl":"https:\/\/www.ceaga.com\/wp-content\/uploads\/2021\/05\/AutoAncora.jpeg","datePublished":"2020-11-10T14:04:00+00:00","dateModified":"2021-05-07T13:04:57+00:00","author":{"@id":"https:\/\/www.ceaga.com\/en\/#\/schema\/person\/e310c3cb56fea4c893cc86df17c65cd3"},"breadcrumb":{"@id":"https:\/\/www.ceaga.com\/en\/the-automotive-sector-and-the-galician-government-constitute-a-working-group-to-obtain-aid-from-the-european-recovery-fund\/#breadcrumb"},"inLanguage":"en-US","potentialAction":[{"@type":"ReadAction","target":["https:\/\/www.ceaga.com\/en\/the-automotive-sector-and-the-galician-government-constitute-a-working-group-to-obtain-aid-from-the-european-recovery-fund\/"]}]},{"@type":"ImageObject","inLanguage":"en-US","@id":"https:\/\/www.ceaga.com\/en\/the-automotive-sector-and-the-galician-government-constitute-a-working-group-to-obtain-aid-from-the-european-recovery-fund\/#primaryimage","url":"https:\/\/www.ceaga.com\/wp-content\/uploads\/2021\/05\/AutoAncora.jpeg","contentUrl":"https:\/\/www.ceaga.com\/wp-content\/uploads\/2021\/05\/AutoAncora.jpeg","width":1600,"height":1041},{"@type":"BreadcrumbList","@id":"https:\/\/www.ceaga.com\/en\/the-automotive-sector-and-the-galician-government-constitute-a-working-group-to-obtain-aid-from-the-european-recovery-fund\/#breadcrumb","itemListElement":[{"@type":"ListItem","position":1,"name":"Portada","item":"https:\/\/www.ceaga.com\/en\/"},{"@type":"ListItem","position":2,"name":"The automotive sector and the Galician Government constitute a working group to obtain aid from the European recovery fund"}]},{"@type":"WebSite","@id":"https:\/\/www.ceaga.com\/en\/#website","url":"https:\/\/www.ceaga.com\/en\/","name":"CEAGA. Cluster de Automoci\u00f3n y Movilidad de Galicia","description":"CEAGA atesora a\u00f1os de experiencia en la puesta en marcha de proyectos colaborativos de alto impacto. Actualmente, damos soporte y apoyo estrat\u00e9gico en cluster management a otras entidades a nivel nacional e internacional. Para m\u00e1s info, solicita una reuni\u00f3n a trav\u00e9s de: ceaga@ceaga.com","potentialAction":[{"@type":"SearchAction","target":{"@type":"EntryPoint","urlTemplate":"https:\/\/www.ceaga.com\/en\/?s={search_term_string}"},"query-input":"required name=search_term_string"}],"inLanguage":"en-US"},{"@type":"Person","@id":"https:\/\/www.ceaga.com\/en\/#\/schema\/person\/e310c3cb56fea4c893cc86df17c65cd3","name":"Clara Garc\u00eda","url":"https:\/\/www.ceaga.com\/en\/author\/clara\/"}]}},"_links":{"self":[{"href":"https:\/\/www.ceaga.com\/en\/wp-json\/wp\/v2\/posts\/18083"}],"collection":[{"href":"https:\/\/www.ceaga.com\/en\/wp-json\/wp\/v2\/posts"}],"about":[{"href":"https:\/\/www.ceaga.com\/en\/wp-json\/wp\/v2\/types\/post"}],"author":[{"embeddable":true,"href":"https:\/\/www.ceaga.com\/en\/wp-json\/wp\/v2\/users\/36"}],"replies":[{"embeddable":true,"href":"https:\/\/www.ceaga.com\/en\/wp-json\/wp\/v2\/comments?post=18083"}],"version-history":[{"count":1,"href":"https:\/\/www.ceaga.com\/en\/wp-json\/wp\/v2\/posts\/18083\/revisions"}],"predecessor-version":[{"id":18084,"href":"https:\/\/www.ceaga.com\/en\/wp-json\/wp\/v2\/posts\/18083\/revisions\/18084"}],"wp:featuredmedia":[{"embeddable":true,"href":"https:\/\/www.ceaga.com\/en\/wp-json\/wp\/v2\/media\/18081"}],"wp:attachment":[{"href":"https:\/\/www.ceaga.com\/en\/wp-json\/wp\/v2\/media?parent=18083"}],"wp:term":[{"taxonomy":"category","embeddable":true,"href":"https:\/\/www.ceaga.com\/en\/wp-json\/wp\/v2\/categories?post=18083"},{"taxonomy":"post_tag","embeddable":true,"href":"https:\/\/www.ceaga.com\/en\/wp-json\/wp\/v2\/tags?post=18083"}],"curies":[{"name":"wp","href":"https:\/\/api.w.org\/{rel}","templated":true}]}}