{"id":17331,"date":"2019-06-25T00:00:00","date_gmt":"2019-06-24T22:00:00","guid":{"rendered":"https:\/\/ceaga.com\/executives-of-the-sector-participated-in-a-conference-about-the-new-mobility-ecosystem\/"},"modified":"2019-06-25T00:00:00","modified_gmt":"2019-06-24T22:00:00","slug":"executives-of-the-sector-participated-in-a-conference-about-the-new-mobility-ecosystem","status":"publish","type":"post","link":"https:\/\/www.ceaga.com\/en\/executives-of-the-sector-participated-in-a-conference-about-the-new-mobility-ecosystem\/","title":{"rendered":"Executives of the Sector participated in a conference about the new mobility ecosystem"},"content":{"rendered":"<p>This morning was held at the headquarters of CEAGA, the conference about \u201dThe automotive industry in the new mobility ecosystem\u201d, which analyzed the most immediate challenges of the automotive industry through the conclusions of the report \u201dGlobal Automotive Executive Survey (GAES) 2019 \u201d, elaborated by the consultancy KPMG.<\/p>\n<p>The report presented already reaches the twentieth edition and has the recognition of the main entrepreneurs and managers of the sector at national level. The person in charge of presenting it was Bego\u00f1a Cristeto, a partner of KPMG in Spain and the welcome of the day was given by Alberto Cominges, CEAGA\u2019s Manager and Daniel Fraga, responsible partner of KPMG in Galicia.<\/p>\n<p>In this meeting a colloquium was also held between the high-level executives who participated and Bego\u00f1a Cristeto, where they analyzed the macro trends of the report and that will change the industrial paradigm in the coming years.<\/p>\n<p>In addition to the President of CEAGA, Juan Antonio Lloves, more than thirty executives from different areas, such as General Managers, Purchasing, Logistics, Engineering and Innovation, attended the meeting. The participants, the majority with international responsibility within their groups, had the opportunity to continue sharing impressions about the mobility of the future in a coffee networking.<\/p>\n","protected":false},"excerpt":{"rendered":"<p>This morning was held at the headquarters of CEAGA, the conference about \u201dThe automotive industry in the new mobility ecosystem\u201d, which analyzed the most immediate challenges of the automotive industry through the conclusions of the report \u201dGlobal Automotive Executive Survey (GAES) 2019 \u201d, elaborated by the consultancy KPMG. The report presented already reaches the twentieth [&hellip;]<\/p>\n","protected":false},"author":47,"featured_media":17332,"comment_status":"closed","ping_status":"closed","sticky":false,"template":"","format":"standard","meta":{"_acf_changed":false,"footnotes":""},"categories":[1],"tags":[],"acf":[],"yoast_head":"<!-- This site is optimized with the Yoast SEO plugin v23.0 - https:\/\/yoast.com\/wordpress\/plugins\/seo\/ -->\n<title>Executives of the Sector participated in a conference about the new mobility ecosystem - CEAGA. Cluster de Automocion y Movilidad de Galicia<\/title>\n<meta name=\"robots\" content=\"index, follow, max-snippet:-1, max-image-preview:large, max-video-preview:-1\" \/>\n<link rel=\"canonical\" href=\"https:\/\/www.ceaga.com\/en\/executives-of-the-sector-participated-in-a-conference-about-the-new-mobility-ecosystem\/\" \/>\n<meta property=\"og:locale\" content=\"en_US\" \/>\n<meta property=\"og:type\" content=\"article\" \/>\n<meta property=\"og:title\" content=\"Executives of the Sector participated in a conference about the new mobility ecosystem - CEAGA. Cluster de Automocion y Movilidad de Galicia\" \/>\n<meta property=\"og:description\" content=\"This morning was held at the headquarters of CEAGA, the conference about \u201dThe automotive industry in the new mobility ecosystem\u201d, which analyzed the most immediate challenges of the automotive industry through the conclusions of the report \u201dGlobal Automotive Executive Survey (GAES) 2019 \u201d, elaborated by the consultancy KPMG. The report presented already reaches the twentieth [&hellip;]\" \/>\n<meta property=\"og:url\" content=\"https:\/\/www.ceaga.com\/en\/executives-of-the-sector-participated-in-a-conference-about-the-new-mobility-ecosystem\/\" \/>\n<meta property=\"og:site_name\" content=\"CEAGA. Cluster de Automocion y Movilidad de Galicia\" \/>\n<meta property=\"article:published_time\" content=\"2019-06-24T22:00:00+00:00\" \/>\n<meta property=\"og:image\" content=\"https:\/\/www.ceaga.com\/wp-content\/uploads\/2020\/02\/imagen_800_7443-scaled.jpg\" \/>\n\t<meta property=\"og:image:width\" content=\"2560\" \/>\n\t<meta property=\"og:image:height\" content=\"1660\" \/>\n\t<meta property=\"og:image:type\" content=\"image\/jpeg\" \/>\n<meta name=\"author\" content=\"Miriam Carames\" \/>\n<meta name=\"twitter:card\" content=\"summary_large_image\" \/>\n<meta name=\"twitter:label1\" content=\"Written by\" \/>\n\t<meta name=\"twitter:data1\" content=\"Miriam Carames\" \/>\n\t<meta name=\"twitter:label2\" content=\"Est. reading time\" \/>\n\t<meta name=\"twitter:data2\" content=\"1 minute\" \/>\n<script type=\"application\/ld+json\" class=\"yoast-schema-graph\">{\"@context\":\"https:\/\/schema.org\",\"@graph\":[{\"@type\":\"WebPage\",\"@id\":\"https:\/\/www.ceaga.com\/en\/executives-of-the-sector-participated-in-a-conference-about-the-new-mobility-ecosystem\/\",\"url\":\"https:\/\/www.ceaga.com\/en\/executives-of-the-sector-participated-in-a-conference-about-the-new-mobility-ecosystem\/\",\"name\":\"Executives of the Sector participated in a conference about the new mobility ecosystem - CEAGA. Cluster de Automocion y Movilidad de Galicia\",\"isPartOf\":{\"@id\":\"https:\/\/www.ceaga.com\/en\/#website\"},\"primaryImageOfPage\":{\"@id\":\"https:\/\/www.ceaga.com\/en\/executives-of-the-sector-participated-in-a-conference-about-the-new-mobility-ecosystem\/#primaryimage\"},\"image\":{\"@id\":\"https:\/\/www.ceaga.com\/en\/executives-of-the-sector-participated-in-a-conference-about-the-new-mobility-ecosystem\/#primaryimage\"},\"thumbnailUrl\":\"https:\/\/www.ceaga.com\/wp-content\/uploads\/2020\/02\/imagen_800_7443-scaled.jpg\",\"datePublished\":\"2019-06-24T22:00:00+00:00\",\"dateModified\":\"2019-06-24T22:00:00+00:00\",\"author\":{\"@id\":\"https:\/\/www.ceaga.com\/en\/#\/schema\/person\/b55950d0424feae2fbda84a8f9b18dbc\"},\"breadcrumb\":{\"@id\":\"https:\/\/www.ceaga.com\/en\/executives-of-the-sector-participated-in-a-conference-about-the-new-mobility-ecosystem\/#breadcrumb\"},\"inLanguage\":\"en-US\",\"potentialAction\":[{\"@type\":\"ReadAction\",\"target\":[\"https:\/\/www.ceaga.com\/en\/executives-of-the-sector-participated-in-a-conference-about-the-new-mobility-ecosystem\/\"]}]},{\"@type\":\"ImageObject\",\"inLanguage\":\"en-US\",\"@id\":\"https:\/\/www.ceaga.com\/en\/executives-of-the-sector-participated-in-a-conference-about-the-new-mobility-ecosystem\/#primaryimage\",\"url\":\"https:\/\/www.ceaga.com\/wp-content\/uploads\/2020\/02\/imagen_800_7443-scaled.jpg\",\"contentUrl\":\"https:\/\/www.ceaga.com\/wp-content\/uploads\/2020\/02\/imagen_800_7443-scaled.jpg\",\"width\":2560,\"height\":1660},{\"@type\":\"BreadcrumbList\",\"@id\":\"https:\/\/www.ceaga.com\/en\/executives-of-the-sector-participated-in-a-conference-about-the-new-mobility-ecosystem\/#breadcrumb\",\"itemListElement\":[{\"@type\":\"ListItem\",\"position\":1,\"name\":\"Portada\",\"item\":\"https:\/\/www.ceaga.com\/en\/\"},{\"@type\":\"ListItem\",\"position\":2,\"name\":\"Executives of the Sector participated in a conference about the new mobility ecosystem\"}]},{\"@type\":\"WebSite\",\"@id\":\"https:\/\/www.ceaga.com\/en\/#website\",\"url\":\"https:\/\/www.ceaga.com\/en\/\",\"name\":\"CEAGA. Cluster de Automoci\u00f3n y Movilidad de Galicia\",\"description\":\"CEAGA atesora a\u00f1os de experiencia en la puesta en marcha de proyectos colaborativos de alto impacto. Actualmente, damos soporte y apoyo estrat\u00e9gico en cluster management a otras entidades a nivel nacional e internacional. Para m\u00e1s info, solicita una reuni\u00f3n a trav\u00e9s de: ceaga@ceaga.com\",\"potentialAction\":[{\"@type\":\"SearchAction\",\"target\":{\"@type\":\"EntryPoint\",\"urlTemplate\":\"https:\/\/www.ceaga.com\/en\/?s={search_term_string}\"},\"query-input\":\"required name=search_term_string\"}],\"inLanguage\":\"en-US\"},{\"@type\":\"Person\",\"@id\":\"https:\/\/www.ceaga.com\/en\/#\/schema\/person\/b55950d0424feae2fbda84a8f9b18dbc\",\"name\":\"Miriam Carames\",\"url\":\"https:\/\/www.ceaga.com\/en\/author\/miriam\/\"}]}<\/script>\n<!-- \/ Yoast SEO plugin. -->","yoast_head_json":{"title":"Executives of the Sector participated in a conference about the new mobility ecosystem - CEAGA. Cluster de Automocion y Movilidad de Galicia","robots":{"index":"index","follow":"follow","max-snippet":"max-snippet:-1","max-image-preview":"max-image-preview:large","max-video-preview":"max-video-preview:-1"},"canonical":"https:\/\/www.ceaga.com\/en\/executives-of-the-sector-participated-in-a-conference-about-the-new-mobility-ecosystem\/","og_locale":"en_US","og_type":"article","og_title":"Executives of the Sector participated in a conference about the new mobility ecosystem - CEAGA. Cluster de Automocion y Movilidad de Galicia","og_description":"This morning was held at the headquarters of CEAGA, the conference about \u201dThe automotive industry in the new mobility ecosystem\u201d, which analyzed the most immediate challenges of the automotive industry through the conclusions of the report \u201dGlobal Automotive Executive Survey (GAES) 2019 \u201d, elaborated by the consultancy KPMG. The report presented already reaches the twentieth [&hellip;]","og_url":"https:\/\/www.ceaga.com\/en\/executives-of-the-sector-participated-in-a-conference-about-the-new-mobility-ecosystem\/","og_site_name":"CEAGA. Cluster de Automocion y Movilidad de Galicia","article_published_time":"2019-06-24T22:00:00+00:00","og_image":[{"width":2560,"height":1660,"url":"https:\/\/www.ceaga.com\/wp-content\/uploads\/2020\/02\/imagen_800_7443-scaled.jpg","type":"image\/jpeg"}],"author":"Miriam Carames","twitter_card":"summary_large_image","twitter_misc":{"Written by":"Miriam Carames","Est. reading time":"1 minute"},"schema":{"@context":"https:\/\/schema.org","@graph":[{"@type":"WebPage","@id":"https:\/\/www.ceaga.com\/en\/executives-of-the-sector-participated-in-a-conference-about-the-new-mobility-ecosystem\/","url":"https:\/\/www.ceaga.com\/en\/executives-of-the-sector-participated-in-a-conference-about-the-new-mobility-ecosystem\/","name":"Executives of the Sector participated in a conference about the new mobility ecosystem - CEAGA. Cluster de Automocion y Movilidad de Galicia","isPartOf":{"@id":"https:\/\/www.ceaga.com\/en\/#website"},"primaryImageOfPage":{"@id":"https:\/\/www.ceaga.com\/en\/executives-of-the-sector-participated-in-a-conference-about-the-new-mobility-ecosystem\/#primaryimage"},"image":{"@id":"https:\/\/www.ceaga.com\/en\/executives-of-the-sector-participated-in-a-conference-about-the-new-mobility-ecosystem\/#primaryimage"},"thumbnailUrl":"https:\/\/www.ceaga.com\/wp-content\/uploads\/2020\/02\/imagen_800_7443-scaled.jpg","datePublished":"2019-06-24T22:00:00+00:00","dateModified":"2019-06-24T22:00:00+00:00","author":{"@id":"https:\/\/www.ceaga.com\/en\/#\/schema\/person\/b55950d0424feae2fbda84a8f9b18dbc"},"breadcrumb":{"@id":"https:\/\/www.ceaga.com\/en\/executives-of-the-sector-participated-in-a-conference-about-the-new-mobility-ecosystem\/#breadcrumb"},"inLanguage":"en-US","potentialAction":[{"@type":"ReadAction","target":["https:\/\/www.ceaga.com\/en\/executives-of-the-sector-participated-in-a-conference-about-the-new-mobility-ecosystem\/"]}]},{"@type":"ImageObject","inLanguage":"en-US","@id":"https:\/\/www.ceaga.com\/en\/executives-of-the-sector-participated-in-a-conference-about-the-new-mobility-ecosystem\/#primaryimage","url":"https:\/\/www.ceaga.com\/wp-content\/uploads\/2020\/02\/imagen_800_7443-scaled.jpg","contentUrl":"https:\/\/www.ceaga.com\/wp-content\/uploads\/2020\/02\/imagen_800_7443-scaled.jpg","width":2560,"height":1660},{"@type":"BreadcrumbList","@id":"https:\/\/www.ceaga.com\/en\/executives-of-the-sector-participated-in-a-conference-about-the-new-mobility-ecosystem\/#breadcrumb","itemListElement":[{"@type":"ListItem","position":1,"name":"Portada","item":"https:\/\/www.ceaga.com\/en\/"},{"@type":"ListItem","position":2,"name":"Executives of the Sector participated in a conference about the new mobility ecosystem"}]},{"@type":"WebSite","@id":"https:\/\/www.ceaga.com\/en\/#website","url":"https:\/\/www.ceaga.com\/en\/","name":"CEAGA. Cluster de Automoci\u00f3n y Movilidad de Galicia","description":"CEAGA atesora a\u00f1os de experiencia en la puesta en marcha de proyectos colaborativos de alto impacto. Actualmente, damos soporte y apoyo estrat\u00e9gico en cluster management a otras entidades a nivel nacional e internacional. Para m\u00e1s info, solicita una reuni\u00f3n a trav\u00e9s de: ceaga@ceaga.com","potentialAction":[{"@type":"SearchAction","target":{"@type":"EntryPoint","urlTemplate":"https:\/\/www.ceaga.com\/en\/?s={search_term_string}"},"query-input":"required name=search_term_string"}],"inLanguage":"en-US"},{"@type":"Person","@id":"https:\/\/www.ceaga.com\/en\/#\/schema\/person\/b55950d0424feae2fbda84a8f9b18dbc","name":"Miriam Carames","url":"https:\/\/www.ceaga.com\/en\/author\/miriam\/"}]}},"_links":{"self":[{"href":"https:\/\/www.ceaga.com\/en\/wp-json\/wp\/v2\/posts\/17331"}],"collection":[{"href":"https:\/\/www.ceaga.com\/en\/wp-json\/wp\/v2\/posts"}],"about":[{"href":"https:\/\/www.ceaga.com\/en\/wp-json\/wp\/v2\/types\/post"}],"author":[{"embeddable":true,"href":"https:\/\/www.ceaga.com\/en\/wp-json\/wp\/v2\/users\/47"}],"replies":[{"embeddable":true,"href":"https:\/\/www.ceaga.com\/en\/wp-json\/wp\/v2\/comments?post=17331"}],"version-history":[{"count":0,"href":"https:\/\/www.ceaga.com\/en\/wp-json\/wp\/v2\/posts\/17331\/revisions"}],"wp:featuredmedia":[{"embeddable":true,"href":"https:\/\/www.ceaga.com\/en\/wp-json\/wp\/v2\/media\/17332"}],"wp:attachment":[{"href":"https:\/\/www.ceaga.com\/en\/wp-json\/wp\/v2\/media?parent=17331"}],"wp:term":[{"taxonomy":"category","embeddable":true,"href":"https:\/\/www.ceaga.com\/en\/wp-json\/wp\/v2\/categories?post=17331"},{"taxonomy":"post_tag","embeddable":true,"href":"https:\/\/www.ceaga.com\/en\/wp-json\/wp\/v2\/tags?post=17331"}],"curies":[{"name":"wp","href":"https:\/\/api.w.org\/{rel}","templated":true}]}}