{"id":17259,"date":"2019-02-13T00:00:00","date_gmt":"2019-02-12T23:00:00","guid":{"rendered":"https:\/\/ceaga.com\/ignacio-bueno-new-vice-president-of-ceaga\/"},"modified":"2019-02-13T00:00:00","modified_gmt":"2019-02-12T23:00:00","slug":"ignacio-bueno-new-vice-president-of-ceaga","status":"publish","type":"post","link":"https:\/\/www.ceaga.com\/en\/ignacio-bueno-new-vice-president-of-ceaga\/","title":{"rendered":"Ignacio Bueno, new vice president of CEAGA"},"content":{"rendered":"<p>Ignacio Bueno, Director of the Centre of Vigo of Groupe PSA, has been appointed vice president of the Cluster of Automotive Companies of Galicia (CEAGA) to replace Fr\u00e9d\u00e9ric Puech, who held the vice presidency for the last two years.<\/p>\n<p>After a first visit to know the model of sectoral cooperation promoted by CEAGA, Ignacio Bueno took possession of his new position at the meeting of the Board held last Monday, February 11, where he also met room 4.0 enabled by the Cluster to expose the main projects that are coordinated and developed in the field of the factory of the future and industry 4.0.<\/p>\n<p>In this way, the company Groupe PSA is still in charge of the Vice Presidency of the Cluster as it has been doing in recent years and confirms its commitment to the companies of components of Galicia and to continue collaborating with the aim of improving the competitiveness of the galician automotive sector.<\/p>\n","protected":false},"excerpt":{"rendered":"<p>Ignacio Bueno, Director of the Centre of Vigo of Groupe PSA, has been appointed vice president of the Cluster of Automotive Companies of Galicia (CEAGA) to replace Fr\u00e9d\u00e9ric Puech, who held the vice presidency for the last two years. After a first visit to know the model of sectoral cooperation promoted by CEAGA, Ignacio Bueno [&hellip;]<\/p>\n","protected":false},"author":47,"featured_media":17260,"comment_status":"closed","ping_status":"closed","sticky":false,"template":"","format":"standard","meta":{"_acf_changed":false,"footnotes":""},"categories":[1],"tags":[],"acf":[],"yoast_head":"<!-- This site is optimized with the Yoast SEO plugin v23.0 - https:\/\/yoast.com\/wordpress\/plugins\/seo\/ -->\n<title>Ignacio Bueno, new vice president of CEAGA - CEAGA. Cluster de Automocion y Movilidad de Galicia<\/title>\n<meta name=\"robots\" content=\"index, follow, max-snippet:-1, max-image-preview:large, max-video-preview:-1\" \/>\n<link rel=\"canonical\" href=\"https:\/\/www.ceaga.com\/en\/ignacio-bueno-new-vice-president-of-ceaga\/\" \/>\n<meta property=\"og:locale\" content=\"en_US\" \/>\n<meta property=\"og:type\" content=\"article\" \/>\n<meta property=\"og:title\" content=\"Ignacio Bueno, new vice president of CEAGA - CEAGA. Cluster de Automocion y Movilidad de Galicia\" \/>\n<meta property=\"og:description\" content=\"Ignacio Bueno, Director of the Centre of Vigo of Groupe PSA, has been appointed vice president of the Cluster of Automotive Companies of Galicia (CEAGA) to replace Fr\u00e9d\u00e9ric Puech, who held the vice presidency for the last two years. After a first visit to know the model of sectoral cooperation promoted by CEAGA, Ignacio Bueno [&hellip;]\" \/>\n<meta property=\"og:url\" content=\"https:\/\/www.ceaga.com\/en\/ignacio-bueno-new-vice-president-of-ceaga\/\" \/>\n<meta property=\"og:site_name\" content=\"CEAGA. Cluster de Automocion y Movilidad de Galicia\" \/>\n<meta property=\"article:published_time\" content=\"2019-02-12T23:00:00+00:00\" \/>\n<meta property=\"og:image\" content=\"https:\/\/www.ceaga.com\/wp-content\/uploads\/2020\/02\/imagen_763_1907.jpg\" \/>\n\t<meta property=\"og:image:width\" content=\"717\" \/>\n\t<meta property=\"og:image:height\" content=\"540\" \/>\n\t<meta property=\"og:image:type\" content=\"image\/jpeg\" \/>\n<meta name=\"author\" content=\"Miriam Carames\" \/>\n<meta name=\"twitter:card\" content=\"summary_large_image\" \/>\n<meta name=\"twitter:label1\" content=\"Written by\" \/>\n\t<meta name=\"twitter:data1\" content=\"Miriam Carames\" \/>\n\t<meta name=\"twitter:label2\" content=\"Est. reading time\" \/>\n\t<meta name=\"twitter:data2\" content=\"1 minute\" \/>\n<script type=\"application\/ld+json\" class=\"yoast-schema-graph\">{\"@context\":\"https:\/\/schema.org\",\"@graph\":[{\"@type\":\"WebPage\",\"@id\":\"https:\/\/www.ceaga.com\/en\/ignacio-bueno-new-vice-president-of-ceaga\/\",\"url\":\"https:\/\/www.ceaga.com\/en\/ignacio-bueno-new-vice-president-of-ceaga\/\",\"name\":\"Ignacio Bueno, new vice president of CEAGA - CEAGA. Cluster de Automocion y Movilidad de Galicia\",\"isPartOf\":{\"@id\":\"https:\/\/www.ceaga.com\/en\/#website\"},\"primaryImageOfPage\":{\"@id\":\"https:\/\/www.ceaga.com\/en\/ignacio-bueno-new-vice-president-of-ceaga\/#primaryimage\"},\"image\":{\"@id\":\"https:\/\/www.ceaga.com\/en\/ignacio-bueno-new-vice-president-of-ceaga\/#primaryimage\"},\"thumbnailUrl\":\"https:\/\/www.ceaga.com\/wp-content\/uploads\/2020\/02\/imagen_763_1907.jpg\",\"datePublished\":\"2019-02-12T23:00:00+00:00\",\"dateModified\":\"2019-02-12T23:00:00+00:00\",\"author\":{\"@id\":\"https:\/\/www.ceaga.com\/en\/#\/schema\/person\/b55950d0424feae2fbda84a8f9b18dbc\"},\"breadcrumb\":{\"@id\":\"https:\/\/www.ceaga.com\/en\/ignacio-bueno-new-vice-president-of-ceaga\/#breadcrumb\"},\"inLanguage\":\"en-US\",\"potentialAction\":[{\"@type\":\"ReadAction\",\"target\":[\"https:\/\/www.ceaga.com\/en\/ignacio-bueno-new-vice-president-of-ceaga\/\"]}]},{\"@type\":\"ImageObject\",\"inLanguage\":\"en-US\",\"@id\":\"https:\/\/www.ceaga.com\/en\/ignacio-bueno-new-vice-president-of-ceaga\/#primaryimage\",\"url\":\"https:\/\/www.ceaga.com\/wp-content\/uploads\/2020\/02\/imagen_763_1907.jpg\",\"contentUrl\":\"https:\/\/www.ceaga.com\/wp-content\/uploads\/2020\/02\/imagen_763_1907.jpg\",\"width\":717,\"height\":540},{\"@type\":\"BreadcrumbList\",\"@id\":\"https:\/\/www.ceaga.com\/en\/ignacio-bueno-new-vice-president-of-ceaga\/#breadcrumb\",\"itemListElement\":[{\"@type\":\"ListItem\",\"position\":1,\"name\":\"Portada\",\"item\":\"https:\/\/www.ceaga.com\/en\/\"},{\"@type\":\"ListItem\",\"position\":2,\"name\":\"Ignacio Bueno, new vice president of CEAGA\"}]},{\"@type\":\"WebSite\",\"@id\":\"https:\/\/www.ceaga.com\/en\/#website\",\"url\":\"https:\/\/www.ceaga.com\/en\/\",\"name\":\"CEAGA. Cluster de Automoci\u00f3n y Movilidad de Galicia\",\"description\":\"CEAGA atesora a\u00f1os de experiencia en la puesta en marcha de proyectos colaborativos de alto impacto. Actualmente, damos soporte y apoyo estrat\u00e9gico en cluster management a otras entidades a nivel nacional e internacional. Para m\u00e1s info, solicita una reuni\u00f3n a trav\u00e9s de: ceaga@ceaga.com\",\"potentialAction\":[{\"@type\":\"SearchAction\",\"target\":{\"@type\":\"EntryPoint\",\"urlTemplate\":\"https:\/\/www.ceaga.com\/en\/?s={search_term_string}\"},\"query-input\":\"required name=search_term_string\"}],\"inLanguage\":\"en-US\"},{\"@type\":\"Person\",\"@id\":\"https:\/\/www.ceaga.com\/en\/#\/schema\/person\/b55950d0424feae2fbda84a8f9b18dbc\",\"name\":\"Miriam Carames\",\"url\":\"https:\/\/www.ceaga.com\/en\/author\/miriam\/\"}]}<\/script>\n<!-- \/ Yoast SEO plugin. -->","yoast_head_json":{"title":"Ignacio Bueno, new vice president of CEAGA - CEAGA. Cluster de Automocion y Movilidad de Galicia","robots":{"index":"index","follow":"follow","max-snippet":"max-snippet:-1","max-image-preview":"max-image-preview:large","max-video-preview":"max-video-preview:-1"},"canonical":"https:\/\/www.ceaga.com\/en\/ignacio-bueno-new-vice-president-of-ceaga\/","og_locale":"en_US","og_type":"article","og_title":"Ignacio Bueno, new vice president of CEAGA - CEAGA. Cluster de Automocion y Movilidad de Galicia","og_description":"Ignacio Bueno, Director of the Centre of Vigo of Groupe PSA, has been appointed vice president of the Cluster of Automotive Companies of Galicia (CEAGA) to replace Fr\u00e9d\u00e9ric Puech, who held the vice presidency for the last two years. After a first visit to know the model of sectoral cooperation promoted by CEAGA, Ignacio Bueno [&hellip;]","og_url":"https:\/\/www.ceaga.com\/en\/ignacio-bueno-new-vice-president-of-ceaga\/","og_site_name":"CEAGA. Cluster de Automocion y Movilidad de Galicia","article_published_time":"2019-02-12T23:00:00+00:00","og_image":[{"width":717,"height":540,"url":"https:\/\/www.ceaga.com\/wp-content\/uploads\/2020\/02\/imagen_763_1907.jpg","type":"image\/jpeg"}],"author":"Miriam Carames","twitter_card":"summary_large_image","twitter_misc":{"Written by":"Miriam Carames","Est. reading time":"1 minute"},"schema":{"@context":"https:\/\/schema.org","@graph":[{"@type":"WebPage","@id":"https:\/\/www.ceaga.com\/en\/ignacio-bueno-new-vice-president-of-ceaga\/","url":"https:\/\/www.ceaga.com\/en\/ignacio-bueno-new-vice-president-of-ceaga\/","name":"Ignacio Bueno, new vice president of CEAGA - CEAGA. Cluster de Automocion y Movilidad de Galicia","isPartOf":{"@id":"https:\/\/www.ceaga.com\/en\/#website"},"primaryImageOfPage":{"@id":"https:\/\/www.ceaga.com\/en\/ignacio-bueno-new-vice-president-of-ceaga\/#primaryimage"},"image":{"@id":"https:\/\/www.ceaga.com\/en\/ignacio-bueno-new-vice-president-of-ceaga\/#primaryimage"},"thumbnailUrl":"https:\/\/www.ceaga.com\/wp-content\/uploads\/2020\/02\/imagen_763_1907.jpg","datePublished":"2019-02-12T23:00:00+00:00","dateModified":"2019-02-12T23:00:00+00:00","author":{"@id":"https:\/\/www.ceaga.com\/en\/#\/schema\/person\/b55950d0424feae2fbda84a8f9b18dbc"},"breadcrumb":{"@id":"https:\/\/www.ceaga.com\/en\/ignacio-bueno-new-vice-president-of-ceaga\/#breadcrumb"},"inLanguage":"en-US","potentialAction":[{"@type":"ReadAction","target":["https:\/\/www.ceaga.com\/en\/ignacio-bueno-new-vice-president-of-ceaga\/"]}]},{"@type":"ImageObject","inLanguage":"en-US","@id":"https:\/\/www.ceaga.com\/en\/ignacio-bueno-new-vice-president-of-ceaga\/#primaryimage","url":"https:\/\/www.ceaga.com\/wp-content\/uploads\/2020\/02\/imagen_763_1907.jpg","contentUrl":"https:\/\/www.ceaga.com\/wp-content\/uploads\/2020\/02\/imagen_763_1907.jpg","width":717,"height":540},{"@type":"BreadcrumbList","@id":"https:\/\/www.ceaga.com\/en\/ignacio-bueno-new-vice-president-of-ceaga\/#breadcrumb","itemListElement":[{"@type":"ListItem","position":1,"name":"Portada","item":"https:\/\/www.ceaga.com\/en\/"},{"@type":"ListItem","position":2,"name":"Ignacio Bueno, new vice president of CEAGA"}]},{"@type":"WebSite","@id":"https:\/\/www.ceaga.com\/en\/#website","url":"https:\/\/www.ceaga.com\/en\/","name":"CEAGA. Cluster de Automoci\u00f3n y Movilidad de Galicia","description":"CEAGA atesora a\u00f1os de experiencia en la puesta en marcha de proyectos colaborativos de alto impacto. Actualmente, damos soporte y apoyo estrat\u00e9gico en cluster management a otras entidades a nivel nacional e internacional. Para m\u00e1s info, solicita una reuni\u00f3n a trav\u00e9s de: ceaga@ceaga.com","potentialAction":[{"@type":"SearchAction","target":{"@type":"EntryPoint","urlTemplate":"https:\/\/www.ceaga.com\/en\/?s={search_term_string}"},"query-input":"required name=search_term_string"}],"inLanguage":"en-US"},{"@type":"Person","@id":"https:\/\/www.ceaga.com\/en\/#\/schema\/person\/b55950d0424feae2fbda84a8f9b18dbc","name":"Miriam Carames","url":"https:\/\/www.ceaga.com\/en\/author\/miriam\/"}]}},"_links":{"self":[{"href":"https:\/\/www.ceaga.com\/en\/wp-json\/wp\/v2\/posts\/17259"}],"collection":[{"href":"https:\/\/www.ceaga.com\/en\/wp-json\/wp\/v2\/posts"}],"about":[{"href":"https:\/\/www.ceaga.com\/en\/wp-json\/wp\/v2\/types\/post"}],"author":[{"embeddable":true,"href":"https:\/\/www.ceaga.com\/en\/wp-json\/wp\/v2\/users\/47"}],"replies":[{"embeddable":true,"href":"https:\/\/www.ceaga.com\/en\/wp-json\/wp\/v2\/comments?post=17259"}],"version-history":[{"count":0,"href":"https:\/\/www.ceaga.com\/en\/wp-json\/wp\/v2\/posts\/17259\/revisions"}],"wp:featuredmedia":[{"embeddable":true,"href":"https:\/\/www.ceaga.com\/en\/wp-json\/wp\/v2\/media\/17260"}],"wp:attachment":[{"href":"https:\/\/www.ceaga.com\/en\/wp-json\/wp\/v2\/media?parent=17259"}],"wp:term":[{"taxonomy":"category","embeddable":true,"href":"https:\/\/www.ceaga.com\/en\/wp-json\/wp\/v2\/categories?post=17259"},{"taxonomy":"post_tag","embeddable":true,"href":"https:\/\/www.ceaga.com\/en\/wp-json\/wp\/v2\/tags?post=17259"}],"curies":[{"name":"wp","href":"https:\/\/api.w.org\/{rel}","templated":true}]}}