{"id":17007,"date":"2016-11-15T00:00:00","date_gmt":"2016-11-14T23:00:00","guid":{"rendered":"https:\/\/ceaga.com\/ceaga-hosted-a-good-practices-session-about-visual-management-in-the-automotive-sector\/"},"modified":"2016-11-15T00:00:00","modified_gmt":"2016-11-14T23:00:00","slug":"ceaga-hosted-a-good-practices-session-about-visual-management-in-the-automotive-sector","status":"publish","type":"post","link":"https:\/\/www.ceaga.com\/en\/ceaga-hosted-a-good-practices-session-about-visual-management-in-the-automotive-sector\/","title":{"rendered":"CEAGA hosted a good practices session about \u201dVisual Management in the automotive sector\u201d"},"content":{"rendered":"<p>This morning took place, at the CEAGA\u2019s facilities, a good practices session about \u201dVisual management in the automotive sector\u201d. The objective of the meeting was extend and consolidate the continuous improvement thanks to the visual management in the Cluster companies.<\/p>\n<p>In addition, on this day, the multinational Tarifold presented solutions and innovations in the management of visual communication for the different plants and offices of the Sector.<\/p>\n<p>At the meeting, attended by more than twenty professionals in the automotive industry, also participated Kaizen Institute and Dismac.<\/p>\n","protected":false},"excerpt":{"rendered":"<p>This morning took place, at the CEAGA\u2019s facilities, a good practices session about \u201dVisual management in the automotive sector\u201d. The objective of the meeting was extend and consolidate the continuous improvement thanks to the visual management in the Cluster companies. In addition, on this day, the multinational Tarifold presented solutions and innovations in the management [&hellip;]<\/p>\n","protected":false},"author":47,"featured_media":17008,"comment_status":"closed","ping_status":"closed","sticky":false,"template":"","format":"standard","meta":{"_acf_changed":false,"footnotes":""},"categories":[1],"tags":[],"acf":[],"yoast_head":"<!-- This site is optimized with the Yoast SEO plugin v23.0 - https:\/\/yoast.com\/wordpress\/plugins\/seo\/ -->\n<title>CEAGA hosted a good practices session about \u201dVisual Management in the automotive sector\u201d - CEAGA. Cluster de Automocion y Movilidad de Galicia<\/title>\n<meta name=\"robots\" content=\"index, follow, max-snippet:-1, max-image-preview:large, max-video-preview:-1\" \/>\n<link rel=\"canonical\" href=\"https:\/\/www.ceaga.com\/en\/ceaga-hosted-a-good-practices-session-about-visual-management-in-the-automotive-sector\/\" \/>\n<meta property=\"og:locale\" content=\"en_US\" \/>\n<meta property=\"og:type\" content=\"article\" \/>\n<meta property=\"og:title\" content=\"CEAGA hosted a good practices session about \u201dVisual Management in the automotive sector\u201d - CEAGA. Cluster de Automocion y Movilidad de Galicia\" \/>\n<meta property=\"og:description\" content=\"This morning took place, at the CEAGA\u2019s facilities, a good practices session about \u201dVisual management in the automotive sector\u201d. The objective of the meeting was extend and consolidate the continuous improvement thanks to the visual management in the Cluster companies. In addition, on this day, the multinational Tarifold presented solutions and innovations in the management [&hellip;]\" \/>\n<meta property=\"og:url\" content=\"https:\/\/www.ceaga.com\/en\/ceaga-hosted-a-good-practices-session-about-visual-management-in-the-automotive-sector\/\" \/>\n<meta property=\"og:site_name\" content=\"CEAGA. Cluster de Automocion y Movilidad de Galicia\" \/>\n<meta property=\"article:published_time\" content=\"2016-11-14T23:00:00+00:00\" \/>\n<meta property=\"og:image\" content=\"https:\/\/www.ceaga.com\/wp-content\/uploads\/2020\/02\/imagen_626_2021-scaled.jpg\" \/>\n\t<meta property=\"og:image:width\" content=\"2560\" \/>\n\t<meta property=\"og:image:height\" content=\"1492\" \/>\n\t<meta property=\"og:image:type\" content=\"image\/jpeg\" \/>\n<meta name=\"author\" content=\"Miriam Carames\" \/>\n<meta name=\"twitter:card\" content=\"summary_large_image\" \/>\n<meta name=\"twitter:label1\" content=\"Written by\" \/>\n\t<meta name=\"twitter:data1\" content=\"Miriam Carames\" \/>\n<script type=\"application\/ld+json\" class=\"yoast-schema-graph\">{\"@context\":\"https:\/\/schema.org\",\"@graph\":[{\"@type\":\"WebPage\",\"@id\":\"https:\/\/www.ceaga.com\/en\/ceaga-hosted-a-good-practices-session-about-visual-management-in-the-automotive-sector\/\",\"url\":\"https:\/\/www.ceaga.com\/en\/ceaga-hosted-a-good-practices-session-about-visual-management-in-the-automotive-sector\/\",\"name\":\"CEAGA hosted a good practices session about \u201dVisual Management in the automotive sector\u201d - CEAGA. Cluster de Automocion y Movilidad de Galicia\",\"isPartOf\":{\"@id\":\"https:\/\/www.ceaga.com\/en\/#website\"},\"primaryImageOfPage\":{\"@id\":\"https:\/\/www.ceaga.com\/en\/ceaga-hosted-a-good-practices-session-about-visual-management-in-the-automotive-sector\/#primaryimage\"},\"image\":{\"@id\":\"https:\/\/www.ceaga.com\/en\/ceaga-hosted-a-good-practices-session-about-visual-management-in-the-automotive-sector\/#primaryimage\"},\"thumbnailUrl\":\"https:\/\/www.ceaga.com\/wp-content\/uploads\/2020\/02\/imagen_626_2021-scaled.jpg\",\"datePublished\":\"2016-11-14T23:00:00+00:00\",\"dateModified\":\"2016-11-14T23:00:00+00:00\",\"author\":{\"@id\":\"https:\/\/www.ceaga.com\/en\/#\/schema\/person\/b55950d0424feae2fbda84a8f9b18dbc\"},\"breadcrumb\":{\"@id\":\"https:\/\/www.ceaga.com\/en\/ceaga-hosted-a-good-practices-session-about-visual-management-in-the-automotive-sector\/#breadcrumb\"},\"inLanguage\":\"en-US\",\"potentialAction\":[{\"@type\":\"ReadAction\",\"target\":[\"https:\/\/www.ceaga.com\/en\/ceaga-hosted-a-good-practices-session-about-visual-management-in-the-automotive-sector\/\"]}]},{\"@type\":\"ImageObject\",\"inLanguage\":\"en-US\",\"@id\":\"https:\/\/www.ceaga.com\/en\/ceaga-hosted-a-good-practices-session-about-visual-management-in-the-automotive-sector\/#primaryimage\",\"url\":\"https:\/\/www.ceaga.com\/wp-content\/uploads\/2020\/02\/imagen_626_2021-scaled.jpg\",\"contentUrl\":\"https:\/\/www.ceaga.com\/wp-content\/uploads\/2020\/02\/imagen_626_2021-scaled.jpg\",\"width\":2560,\"height\":1492},{\"@type\":\"BreadcrumbList\",\"@id\":\"https:\/\/www.ceaga.com\/en\/ceaga-hosted-a-good-practices-session-about-visual-management-in-the-automotive-sector\/#breadcrumb\",\"itemListElement\":[{\"@type\":\"ListItem\",\"position\":1,\"name\":\"Portada\",\"item\":\"https:\/\/www.ceaga.com\/en\/\"},{\"@type\":\"ListItem\",\"position\":2,\"name\":\"CEAGA hosted a good practices session about \u201dVisual Management in the automotive sector\u201d\"}]},{\"@type\":\"WebSite\",\"@id\":\"https:\/\/www.ceaga.com\/en\/#website\",\"url\":\"https:\/\/www.ceaga.com\/en\/\",\"name\":\"CEAGA. Cluster de Automoci\u00f3n y Movilidad de Galicia\",\"description\":\"CEAGA atesora a\u00f1os de experiencia en la puesta en marcha de proyectos colaborativos de alto impacto. Actualmente, damos soporte y apoyo estrat\u00e9gico en cluster management a otras entidades a nivel nacional e internacional. Para m\u00e1s info, solicita una reuni\u00f3n a trav\u00e9s de: ceaga@ceaga.com\",\"potentialAction\":[{\"@type\":\"SearchAction\",\"target\":{\"@type\":\"EntryPoint\",\"urlTemplate\":\"https:\/\/www.ceaga.com\/en\/?s={search_term_string}\"},\"query-input\":\"required name=search_term_string\"}],\"inLanguage\":\"en-US\"},{\"@type\":\"Person\",\"@id\":\"https:\/\/www.ceaga.com\/en\/#\/schema\/person\/b55950d0424feae2fbda84a8f9b18dbc\",\"name\":\"Miriam Carames\",\"url\":\"https:\/\/www.ceaga.com\/en\/author\/miriam\/\"}]}<\/script>\n<!-- \/ Yoast SEO plugin. -->","yoast_head_json":{"title":"CEAGA hosted a good practices session about \u201dVisual Management in the automotive sector\u201d - CEAGA. Cluster de Automocion y Movilidad de Galicia","robots":{"index":"index","follow":"follow","max-snippet":"max-snippet:-1","max-image-preview":"max-image-preview:large","max-video-preview":"max-video-preview:-1"},"canonical":"https:\/\/www.ceaga.com\/en\/ceaga-hosted-a-good-practices-session-about-visual-management-in-the-automotive-sector\/","og_locale":"en_US","og_type":"article","og_title":"CEAGA hosted a good practices session about \u201dVisual Management in the automotive sector\u201d - CEAGA. Cluster de Automocion y Movilidad de Galicia","og_description":"This morning took place, at the CEAGA\u2019s facilities, a good practices session about \u201dVisual management in the automotive sector\u201d. The objective of the meeting was extend and consolidate the continuous improvement thanks to the visual management in the Cluster companies. In addition, on this day, the multinational Tarifold presented solutions and innovations in the management [&hellip;]","og_url":"https:\/\/www.ceaga.com\/en\/ceaga-hosted-a-good-practices-session-about-visual-management-in-the-automotive-sector\/","og_site_name":"CEAGA. Cluster de Automocion y Movilidad de Galicia","article_published_time":"2016-11-14T23:00:00+00:00","og_image":[{"width":2560,"height":1492,"url":"https:\/\/www.ceaga.com\/wp-content\/uploads\/2020\/02\/imagen_626_2021-scaled.jpg","type":"image\/jpeg"}],"author":"Miriam Carames","twitter_card":"summary_large_image","twitter_misc":{"Written by":"Miriam Carames"},"schema":{"@context":"https:\/\/schema.org","@graph":[{"@type":"WebPage","@id":"https:\/\/www.ceaga.com\/en\/ceaga-hosted-a-good-practices-session-about-visual-management-in-the-automotive-sector\/","url":"https:\/\/www.ceaga.com\/en\/ceaga-hosted-a-good-practices-session-about-visual-management-in-the-automotive-sector\/","name":"CEAGA hosted a good practices session about \u201dVisual Management in the automotive sector\u201d - CEAGA. Cluster de Automocion y Movilidad de Galicia","isPartOf":{"@id":"https:\/\/www.ceaga.com\/en\/#website"},"primaryImageOfPage":{"@id":"https:\/\/www.ceaga.com\/en\/ceaga-hosted-a-good-practices-session-about-visual-management-in-the-automotive-sector\/#primaryimage"},"image":{"@id":"https:\/\/www.ceaga.com\/en\/ceaga-hosted-a-good-practices-session-about-visual-management-in-the-automotive-sector\/#primaryimage"},"thumbnailUrl":"https:\/\/www.ceaga.com\/wp-content\/uploads\/2020\/02\/imagen_626_2021-scaled.jpg","datePublished":"2016-11-14T23:00:00+00:00","dateModified":"2016-11-14T23:00:00+00:00","author":{"@id":"https:\/\/www.ceaga.com\/en\/#\/schema\/person\/b55950d0424feae2fbda84a8f9b18dbc"},"breadcrumb":{"@id":"https:\/\/www.ceaga.com\/en\/ceaga-hosted-a-good-practices-session-about-visual-management-in-the-automotive-sector\/#breadcrumb"},"inLanguage":"en-US","potentialAction":[{"@type":"ReadAction","target":["https:\/\/www.ceaga.com\/en\/ceaga-hosted-a-good-practices-session-about-visual-management-in-the-automotive-sector\/"]}]},{"@type":"ImageObject","inLanguage":"en-US","@id":"https:\/\/www.ceaga.com\/en\/ceaga-hosted-a-good-practices-session-about-visual-management-in-the-automotive-sector\/#primaryimage","url":"https:\/\/www.ceaga.com\/wp-content\/uploads\/2020\/02\/imagen_626_2021-scaled.jpg","contentUrl":"https:\/\/www.ceaga.com\/wp-content\/uploads\/2020\/02\/imagen_626_2021-scaled.jpg","width":2560,"height":1492},{"@type":"BreadcrumbList","@id":"https:\/\/www.ceaga.com\/en\/ceaga-hosted-a-good-practices-session-about-visual-management-in-the-automotive-sector\/#breadcrumb","itemListElement":[{"@type":"ListItem","position":1,"name":"Portada","item":"https:\/\/www.ceaga.com\/en\/"},{"@type":"ListItem","position":2,"name":"CEAGA hosted a good practices session about \u201dVisual Management in the automotive sector\u201d"}]},{"@type":"WebSite","@id":"https:\/\/www.ceaga.com\/en\/#website","url":"https:\/\/www.ceaga.com\/en\/","name":"CEAGA. Cluster de Automoci\u00f3n y Movilidad de Galicia","description":"CEAGA atesora a\u00f1os de experiencia en la puesta en marcha de proyectos colaborativos de alto impacto. Actualmente, damos soporte y apoyo estrat\u00e9gico en cluster management a otras entidades a nivel nacional e internacional. Para m\u00e1s info, solicita una reuni\u00f3n a trav\u00e9s de: ceaga@ceaga.com","potentialAction":[{"@type":"SearchAction","target":{"@type":"EntryPoint","urlTemplate":"https:\/\/www.ceaga.com\/en\/?s={search_term_string}"},"query-input":"required name=search_term_string"}],"inLanguage":"en-US"},{"@type":"Person","@id":"https:\/\/www.ceaga.com\/en\/#\/schema\/person\/b55950d0424feae2fbda84a8f9b18dbc","name":"Miriam Carames","url":"https:\/\/www.ceaga.com\/en\/author\/miriam\/"}]}},"_links":{"self":[{"href":"https:\/\/www.ceaga.com\/en\/wp-json\/wp\/v2\/posts\/17007"}],"collection":[{"href":"https:\/\/www.ceaga.com\/en\/wp-json\/wp\/v2\/posts"}],"about":[{"href":"https:\/\/www.ceaga.com\/en\/wp-json\/wp\/v2\/types\/post"}],"author":[{"embeddable":true,"href":"https:\/\/www.ceaga.com\/en\/wp-json\/wp\/v2\/users\/47"}],"replies":[{"embeddable":true,"href":"https:\/\/www.ceaga.com\/en\/wp-json\/wp\/v2\/comments?post=17007"}],"version-history":[{"count":0,"href":"https:\/\/www.ceaga.com\/en\/wp-json\/wp\/v2\/posts\/17007\/revisions"}],"wp:featuredmedia":[{"embeddable":true,"href":"https:\/\/www.ceaga.com\/en\/wp-json\/wp\/v2\/media\/17008"}],"wp:attachment":[{"href":"https:\/\/www.ceaga.com\/en\/wp-json\/wp\/v2\/media?parent=17007"}],"wp:term":[{"taxonomy":"category","embeddable":true,"href":"https:\/\/www.ceaga.com\/en\/wp-json\/wp\/v2\/categories?post=17007"},{"taxonomy":"post_tag","embeddable":true,"href":"https:\/\/www.ceaga.com\/en\/wp-json\/wp\/v2\/tags?post=17007"}],"curies":[{"name":"wp","href":"https:\/\/api.w.org\/{rel}","templated":true}]}}