{"id":16967,"date":"2016-08-24T00:00:00","date_gmt":"2016-08-23T22:00:00","guid":{"rendered":"https:\/\/ceaga.com\/the-ceaga-corporate-university-will-restart-its-training-activity-in-september\/"},"modified":"2016-08-24T00:00:00","modified_gmt":"2016-08-23T22:00:00","slug":"the-ceaga-corporate-university-will-restart-its-training-activity-in-september","status":"publish","type":"post","link":"https:\/\/www.ceaga.com\/en\/the-ceaga-corporate-university-will-restart-its-training-activity-in-september\/","title":{"rendered":"The CEAGA Corporate University will restart its training activity in September"},"content":{"rendered":"<p>The CEAGA Corporate University will restart its training activity in September with new six courses. These new activities are focused on different topics and profiles as the creation and interpretation of technical drawings, quality management, internal audit processes, global logistics or Six Sigma (process improvement methodology).<\/p>\n<p>In addition to these initiatives, since January, the UCC has already organized 34 training courses in which 334 professionals participated.<\/p>\n<p>The UCC training plan is developed in close collaboration and communication with the Cluster member companies, combining courses aimed at short-term needs together with Programs derived directly from the Strategic Sectorial Plan.<\/p>\n<p>To view the next training activities: http:\/\/www.ceaga.com\/cursos.asp<\/p>\n","protected":false},"excerpt":{"rendered":"<p>The CEAGA Corporate University will restart its training activity in September with new six courses. These new activities are focused on different topics and profiles as the creation and interpretation of technical drawings, quality management, internal audit processes, global logistics or Six Sigma (process improvement methodology). In addition to these initiatives, since January, the UCC [&hellip;]<\/p>\n","protected":false},"author":47,"featured_media":16968,"comment_status":"closed","ping_status":"closed","sticky":false,"template":"","format":"standard","meta":{"_acf_changed":false,"footnotes":""},"categories":[1],"tags":[],"acf":[],"yoast_head":"<!-- This site is optimized with the Yoast SEO plugin v23.0 - https:\/\/yoast.com\/wordpress\/plugins\/seo\/ -->\n<title>The CEAGA Corporate University will restart its training activity in September - CEAGA. Cluster de Automocion y Movilidad de Galicia<\/title>\n<meta name=\"robots\" content=\"index, follow, max-snippet:-1, max-image-preview:large, max-video-preview:-1\" \/>\n<link rel=\"canonical\" href=\"https:\/\/www.ceaga.com\/en\/the-ceaga-corporate-university-will-restart-its-training-activity-in-september\/\" \/>\n<meta property=\"og:locale\" content=\"en_US\" \/>\n<meta property=\"og:type\" content=\"article\" \/>\n<meta property=\"og:title\" content=\"The CEAGA Corporate University will restart its training activity in September - CEAGA. Cluster de Automocion y Movilidad de Galicia\" \/>\n<meta property=\"og:description\" content=\"The CEAGA Corporate University will restart its training activity in September with new six courses. These new activities are focused on different topics and profiles as the creation and interpretation of technical drawings, quality management, internal audit processes, global logistics or Six Sigma (process improvement methodology). In addition to these initiatives, since January, the UCC [&hellip;]\" \/>\n<meta property=\"og:url\" content=\"https:\/\/www.ceaga.com\/en\/the-ceaga-corporate-university-will-restart-its-training-activity-in-september\/\" \/>\n<meta property=\"og:site_name\" content=\"CEAGA. Cluster de Automocion y Movilidad de Galicia\" \/>\n<meta property=\"article:published_time\" content=\"2016-08-23T22:00:00+00:00\" \/>\n<meta property=\"og:image\" content=\"https:\/\/www.ceaga.com\/wp-content\/uploads\/2020\/02\/imagen_604_3998-scaled.jpg\" \/>\n\t<meta property=\"og:image:width\" content=\"2560\" \/>\n\t<meta property=\"og:image:height\" content=\"1707\" \/>\n\t<meta property=\"og:image:type\" content=\"image\/jpeg\" \/>\n<meta name=\"author\" content=\"Miriam Carames\" \/>\n<meta name=\"twitter:card\" content=\"summary_large_image\" \/>\n<meta name=\"twitter:label1\" content=\"Written by\" \/>\n\t<meta name=\"twitter:data1\" content=\"Miriam Carames\" \/>\n\t<meta name=\"twitter:label2\" content=\"Est. reading time\" \/>\n\t<meta name=\"twitter:data2\" content=\"1 minute\" \/>\n<script type=\"application\/ld+json\" class=\"yoast-schema-graph\">{\"@context\":\"https:\/\/schema.org\",\"@graph\":[{\"@type\":\"WebPage\",\"@id\":\"https:\/\/www.ceaga.com\/en\/the-ceaga-corporate-university-will-restart-its-training-activity-in-september\/\",\"url\":\"https:\/\/www.ceaga.com\/en\/the-ceaga-corporate-university-will-restart-its-training-activity-in-september\/\",\"name\":\"The CEAGA Corporate University will restart its training activity in September - CEAGA. Cluster de Automocion y Movilidad de Galicia\",\"isPartOf\":{\"@id\":\"https:\/\/www.ceaga.com\/en\/#website\"},\"primaryImageOfPage\":{\"@id\":\"https:\/\/www.ceaga.com\/en\/the-ceaga-corporate-university-will-restart-its-training-activity-in-september\/#primaryimage\"},\"image\":{\"@id\":\"https:\/\/www.ceaga.com\/en\/the-ceaga-corporate-university-will-restart-its-training-activity-in-september\/#primaryimage\"},\"thumbnailUrl\":\"https:\/\/www.ceaga.com\/wp-content\/uploads\/2020\/02\/imagen_604_3998-scaled.jpg\",\"datePublished\":\"2016-08-23T22:00:00+00:00\",\"dateModified\":\"2016-08-23T22:00:00+00:00\",\"author\":{\"@id\":\"https:\/\/www.ceaga.com\/en\/#\/schema\/person\/b55950d0424feae2fbda84a8f9b18dbc\"},\"breadcrumb\":{\"@id\":\"https:\/\/www.ceaga.com\/en\/the-ceaga-corporate-university-will-restart-its-training-activity-in-september\/#breadcrumb\"},\"inLanguage\":\"en-US\",\"potentialAction\":[{\"@type\":\"ReadAction\",\"target\":[\"https:\/\/www.ceaga.com\/en\/the-ceaga-corporate-university-will-restart-its-training-activity-in-september\/\"]}]},{\"@type\":\"ImageObject\",\"inLanguage\":\"en-US\",\"@id\":\"https:\/\/www.ceaga.com\/en\/the-ceaga-corporate-university-will-restart-its-training-activity-in-september\/#primaryimage\",\"url\":\"https:\/\/www.ceaga.com\/wp-content\/uploads\/2020\/02\/imagen_604_3998-scaled.jpg\",\"contentUrl\":\"https:\/\/www.ceaga.com\/wp-content\/uploads\/2020\/02\/imagen_604_3998-scaled.jpg\",\"width\":2560,\"height\":1707},{\"@type\":\"BreadcrumbList\",\"@id\":\"https:\/\/www.ceaga.com\/en\/the-ceaga-corporate-university-will-restart-its-training-activity-in-september\/#breadcrumb\",\"itemListElement\":[{\"@type\":\"ListItem\",\"position\":1,\"name\":\"Portada\",\"item\":\"https:\/\/www.ceaga.com\/en\/\"},{\"@type\":\"ListItem\",\"position\":2,\"name\":\"The CEAGA Corporate University will restart its training activity in September\"}]},{\"@type\":\"WebSite\",\"@id\":\"https:\/\/www.ceaga.com\/en\/#website\",\"url\":\"https:\/\/www.ceaga.com\/en\/\",\"name\":\"CEAGA. Cluster de Automoci\u00f3n y Movilidad de Galicia\",\"description\":\"CEAGA atesora a\u00f1os de experiencia en la puesta en marcha de proyectos colaborativos de alto impacto. Actualmente, damos soporte y apoyo estrat\u00e9gico en cluster management a otras entidades a nivel nacional e internacional. Para m\u00e1s info, solicita una reuni\u00f3n a trav\u00e9s de: ceaga@ceaga.com\",\"potentialAction\":[{\"@type\":\"SearchAction\",\"target\":{\"@type\":\"EntryPoint\",\"urlTemplate\":\"https:\/\/www.ceaga.com\/en\/?s={search_term_string}\"},\"query-input\":\"required name=search_term_string\"}],\"inLanguage\":\"en-US\"},{\"@type\":\"Person\",\"@id\":\"https:\/\/www.ceaga.com\/en\/#\/schema\/person\/b55950d0424feae2fbda84a8f9b18dbc\",\"name\":\"Miriam Carames\",\"url\":\"https:\/\/www.ceaga.com\/en\/author\/miriam\/\"}]}<\/script>\n<!-- \/ Yoast SEO plugin. -->","yoast_head_json":{"title":"The CEAGA Corporate University will restart its training activity in September - CEAGA. Cluster de Automocion y Movilidad de Galicia","robots":{"index":"index","follow":"follow","max-snippet":"max-snippet:-1","max-image-preview":"max-image-preview:large","max-video-preview":"max-video-preview:-1"},"canonical":"https:\/\/www.ceaga.com\/en\/the-ceaga-corporate-university-will-restart-its-training-activity-in-september\/","og_locale":"en_US","og_type":"article","og_title":"The CEAGA Corporate University will restart its training activity in September - CEAGA. Cluster de Automocion y Movilidad de Galicia","og_description":"The CEAGA Corporate University will restart its training activity in September with new six courses. These new activities are focused on different topics and profiles as the creation and interpretation of technical drawings, quality management, internal audit processes, global logistics or Six Sigma (process improvement methodology). In addition to these initiatives, since January, the UCC [&hellip;]","og_url":"https:\/\/www.ceaga.com\/en\/the-ceaga-corporate-university-will-restart-its-training-activity-in-september\/","og_site_name":"CEAGA. Cluster de Automocion y Movilidad de Galicia","article_published_time":"2016-08-23T22:00:00+00:00","og_image":[{"width":2560,"height":1707,"url":"https:\/\/www.ceaga.com\/wp-content\/uploads\/2020\/02\/imagen_604_3998-scaled.jpg","type":"image\/jpeg"}],"author":"Miriam Carames","twitter_card":"summary_large_image","twitter_misc":{"Written by":"Miriam Carames","Est. reading time":"1 minute"},"schema":{"@context":"https:\/\/schema.org","@graph":[{"@type":"WebPage","@id":"https:\/\/www.ceaga.com\/en\/the-ceaga-corporate-university-will-restart-its-training-activity-in-september\/","url":"https:\/\/www.ceaga.com\/en\/the-ceaga-corporate-university-will-restart-its-training-activity-in-september\/","name":"The CEAGA Corporate University will restart its training activity in September - CEAGA. Cluster de Automocion y Movilidad de Galicia","isPartOf":{"@id":"https:\/\/www.ceaga.com\/en\/#website"},"primaryImageOfPage":{"@id":"https:\/\/www.ceaga.com\/en\/the-ceaga-corporate-university-will-restart-its-training-activity-in-september\/#primaryimage"},"image":{"@id":"https:\/\/www.ceaga.com\/en\/the-ceaga-corporate-university-will-restart-its-training-activity-in-september\/#primaryimage"},"thumbnailUrl":"https:\/\/www.ceaga.com\/wp-content\/uploads\/2020\/02\/imagen_604_3998-scaled.jpg","datePublished":"2016-08-23T22:00:00+00:00","dateModified":"2016-08-23T22:00:00+00:00","author":{"@id":"https:\/\/www.ceaga.com\/en\/#\/schema\/person\/b55950d0424feae2fbda84a8f9b18dbc"},"breadcrumb":{"@id":"https:\/\/www.ceaga.com\/en\/the-ceaga-corporate-university-will-restart-its-training-activity-in-september\/#breadcrumb"},"inLanguage":"en-US","potentialAction":[{"@type":"ReadAction","target":["https:\/\/www.ceaga.com\/en\/the-ceaga-corporate-university-will-restart-its-training-activity-in-september\/"]}]},{"@type":"ImageObject","inLanguage":"en-US","@id":"https:\/\/www.ceaga.com\/en\/the-ceaga-corporate-university-will-restart-its-training-activity-in-september\/#primaryimage","url":"https:\/\/www.ceaga.com\/wp-content\/uploads\/2020\/02\/imagen_604_3998-scaled.jpg","contentUrl":"https:\/\/www.ceaga.com\/wp-content\/uploads\/2020\/02\/imagen_604_3998-scaled.jpg","width":2560,"height":1707},{"@type":"BreadcrumbList","@id":"https:\/\/www.ceaga.com\/en\/the-ceaga-corporate-university-will-restart-its-training-activity-in-september\/#breadcrumb","itemListElement":[{"@type":"ListItem","position":1,"name":"Portada","item":"https:\/\/www.ceaga.com\/en\/"},{"@type":"ListItem","position":2,"name":"The CEAGA Corporate University will restart its training activity in September"}]},{"@type":"WebSite","@id":"https:\/\/www.ceaga.com\/en\/#website","url":"https:\/\/www.ceaga.com\/en\/","name":"CEAGA. Cluster de Automoci\u00f3n y Movilidad de Galicia","description":"CEAGA atesora a\u00f1os de experiencia en la puesta en marcha de proyectos colaborativos de alto impacto. Actualmente, damos soporte y apoyo estrat\u00e9gico en cluster management a otras entidades a nivel nacional e internacional. Para m\u00e1s info, solicita una reuni\u00f3n a trav\u00e9s de: ceaga@ceaga.com","potentialAction":[{"@type":"SearchAction","target":{"@type":"EntryPoint","urlTemplate":"https:\/\/www.ceaga.com\/en\/?s={search_term_string}"},"query-input":"required name=search_term_string"}],"inLanguage":"en-US"},{"@type":"Person","@id":"https:\/\/www.ceaga.com\/en\/#\/schema\/person\/b55950d0424feae2fbda84a8f9b18dbc","name":"Miriam Carames","url":"https:\/\/www.ceaga.com\/en\/author\/miriam\/"}]}},"_links":{"self":[{"href":"https:\/\/www.ceaga.com\/en\/wp-json\/wp\/v2\/posts\/16967"}],"collection":[{"href":"https:\/\/www.ceaga.com\/en\/wp-json\/wp\/v2\/posts"}],"about":[{"href":"https:\/\/www.ceaga.com\/en\/wp-json\/wp\/v2\/types\/post"}],"author":[{"embeddable":true,"href":"https:\/\/www.ceaga.com\/en\/wp-json\/wp\/v2\/users\/47"}],"replies":[{"embeddable":true,"href":"https:\/\/www.ceaga.com\/en\/wp-json\/wp\/v2\/comments?post=16967"}],"version-history":[{"count":0,"href":"https:\/\/www.ceaga.com\/en\/wp-json\/wp\/v2\/posts\/16967\/revisions"}],"wp:featuredmedia":[{"embeddable":true,"href":"https:\/\/www.ceaga.com\/en\/wp-json\/wp\/v2\/media\/16968"}],"wp:attachment":[{"href":"https:\/\/www.ceaga.com\/en\/wp-json\/wp\/v2\/media?parent=16967"}],"wp:term":[{"taxonomy":"category","embeddable":true,"href":"https:\/\/www.ceaga.com\/en\/wp-json\/wp\/v2\/categories?post=16967"},{"taxonomy":"post_tag","embeddable":true,"href":"https:\/\/www.ceaga.com\/en\/wp-json\/wp\/v2\/tags?post=16967"}],"curies":[{"name":"wp","href":"https:\/\/api.w.org\/{rel}","templated":true}]}}