{"id":16899,"date":"2016-01-20T00:00:00","date_gmt":"2016-01-19T23:00:00","guid":{"rendered":"https:\/\/ceaga.com\/a-first-level-conference-about-industry-4-0-assembles-to-the-sector\/"},"modified":"2016-01-20T00:00:00","modified_gmt":"2016-01-19T23:00:00","slug":"a-first-level-conference-about-industry-4-0-assembles-to-the-sector","status":"publish","type":"post","link":"https:\/\/www.ceaga.com\/en\/a-first-level-conference-about-industry-4-0-assembles-to-the-sector\/","title":{"rendered":"A first level conference about Industry 4.0 assembles to the Sector"},"content":{"rendered":"<p>CEAGA, in collaboration with PSA Peugeot Citroen and CTAG, has organized a conference about \u201dThe Galician automotive to the challenges of the Industry 4.0,\u201d which will take place on Friday, January 22 at 10 am, in the auditorium of CTAG.<\/p>\n<p>This meeting will have the participation of international experts in the area of new industry such Patrice Peslier, Director of Industrial System Architecture of PSA Peugeot Citro\u00ebn, Nahid Armand, Expert in Intelligent Robotic of the French group and also will have the participation of the Igape\u2019s General Director, Javier Aguilera. In addition, it will be possible know the position of the Industry 4.0 of the main actors in the automotive sector as: Grupo Copo, Kaleido, Denso or PSA Peugeot Citro\u00ebn, as well as the visions of CEAGA and CTAG.<\/p>\n<p>The Sector is in the process of developing a new strategic plan, where the Industry 4.0 will play an important role. Therefore, CEAGA is preparing to develop this optimized industry and also the organization of this event, from the Cluster there have been several initiatives, together with the Galician Government, such as study missions to Germany and United States, countries of reference in the digital revolution, to analyse at first hand the advances made in the face of the factory of the future.<\/p>\n<p>As part of these initiatives, at the request of Igape, CEAGA lead the \u201d4.0 Auto Pilot\u201d project for small and medium enterprises, where participants can benefit from the grant of Igape to invest for the factory 4.0. More than 10 companies have joined the demonstration project but SMEs interested can still contact with CEAGA to adhere.<\/p>\n<p>The implementation of this pilot project will involve the incorporation to the companies of special technology related to factory of the future and the concept \u201dIndustry 4.0\u201d according to the terms included in the agenda of industrial competitiveness, \u201cGalicia: Industry 4.0\u201d, which includes the following actions:<\/p>\n<p>&#8211; Robotization and collaborative robotization<br \/>\n&#8211; Additive manufacturing<br \/>\n&#8211; Mecatronic sensors<br \/>\n&#8211; Cyber- physical systems<br \/>\n&#8211; Total or extended automatization<br \/>\n&#8211; Intercommunication machine to machine<br \/>\n&#8211; Total or extended connectivity<br \/>\n&#8211; Autonomous vehicles (flow optimization and cost reduction)<br \/>\n&#8211; Products customization<br \/>\n&#8211; Internet of things, internet of equipment and machinery<br \/>\n&#8211; Digitalization<br \/>\n&#8211; Big Data, Cloud Computing and Cibersequrity applied to the industry<br \/>\n&#8211; Logistics 4.0 for the full integration of the supply chain with interconnecting systems and maximum coordination of logistics processes<br \/>\n&#8211; Modeling and simulation of industrial processes, operational and logistical<\/p>\n<p>It is important to emphasize the demonstration effect of the project for the Sector, since it must be interesting and attractive for implementation by other companies, which fits perfectly into the cooperative model of CEAGA, which acquires the commitment to collaborate with the administration in the project dissemination, organization of the visits to show the investments, etc.<\/p>\n","protected":false},"excerpt":{"rendered":"<p>CEAGA, in collaboration with PSA Peugeot Citroen and CTAG, has organized a conference about \u201dThe Galician automotive to the challenges of the Industry 4.0,\u201d which will take place on Friday, January 22 at 10 am, in the auditorium of CTAG. This meeting will have the participation of international experts in the area of new industry [&hellip;]<\/p>\n","protected":false},"author":47,"featured_media":16900,"comment_status":"closed","ping_status":"closed","sticky":false,"template":"","format":"standard","meta":{"_acf_changed":false,"footnotes":""},"categories":[1],"tags":[],"acf":[],"yoast_head":"<!-- This site is optimized with the Yoast SEO plugin v23.0 - https:\/\/yoast.com\/wordpress\/plugins\/seo\/ -->\n<title>A first level conference about Industry 4.0 assembles to the Sector - CEAGA. Cluster de Automocion y Movilidad de Galicia<\/title>\n<meta name=\"robots\" content=\"index, follow, max-snippet:-1, max-image-preview:large, max-video-preview:-1\" \/>\n<link rel=\"canonical\" href=\"https:\/\/www.ceaga.com\/en\/a-first-level-conference-about-industry-4-0-assembles-to-the-sector\/\" \/>\n<meta property=\"og:locale\" content=\"en_US\" \/>\n<meta property=\"og:type\" content=\"article\" \/>\n<meta property=\"og:title\" content=\"A first level conference about Industry 4.0 assembles to the Sector - CEAGA. Cluster de Automocion y Movilidad de Galicia\" \/>\n<meta property=\"og:description\" content=\"CEAGA, in collaboration with PSA Peugeot Citroen and CTAG, has organized a conference about \u201dThe Galician automotive to the challenges of the Industry 4.0,\u201d which will take place on Friday, January 22 at 10 am, in the auditorium of CTAG. This meeting will have the participation of international experts in the area of new industry [&hellip;]\" \/>\n<meta property=\"og:url\" content=\"https:\/\/www.ceaga.com\/en\/a-first-level-conference-about-industry-4-0-assembles-to-the-sector\/\" \/>\n<meta property=\"og:site_name\" content=\"CEAGA. Cluster de Automocion y Movilidad de Galicia\" \/>\n<meta property=\"article:published_time\" content=\"2016-01-19T23:00:00+00:00\" \/>\n<meta property=\"og:image\" content=\"https:\/\/www.ceaga.com\/wp-content\/uploads\/2020\/02\/imagen_569_8434-scaled.jpg\" \/>\n\t<meta property=\"og:image:width\" content=\"2560\" \/>\n\t<meta property=\"og:image:height\" content=\"1440\" \/>\n\t<meta property=\"og:image:type\" content=\"image\/jpeg\" \/>\n<meta name=\"author\" content=\"Miriam Carames\" \/>\n<meta name=\"twitter:card\" content=\"summary_large_image\" \/>\n<meta name=\"twitter:label1\" content=\"Written by\" \/>\n\t<meta name=\"twitter:data1\" content=\"Miriam Carames\" \/>\n\t<meta name=\"twitter:label2\" content=\"Est. reading time\" \/>\n\t<meta name=\"twitter:data2\" content=\"2 minutes\" \/>\n<script type=\"application\/ld+json\" class=\"yoast-schema-graph\">{\"@context\":\"https:\/\/schema.org\",\"@graph\":[{\"@type\":\"WebPage\",\"@id\":\"https:\/\/www.ceaga.com\/en\/a-first-level-conference-about-industry-4-0-assembles-to-the-sector\/\",\"url\":\"https:\/\/www.ceaga.com\/en\/a-first-level-conference-about-industry-4-0-assembles-to-the-sector\/\",\"name\":\"A first level conference about Industry 4.0 assembles to the Sector - CEAGA. Cluster de Automocion y Movilidad de Galicia\",\"isPartOf\":{\"@id\":\"https:\/\/www.ceaga.com\/en\/#website\"},\"primaryImageOfPage\":{\"@id\":\"https:\/\/www.ceaga.com\/en\/a-first-level-conference-about-industry-4-0-assembles-to-the-sector\/#primaryimage\"},\"image\":{\"@id\":\"https:\/\/www.ceaga.com\/en\/a-first-level-conference-about-industry-4-0-assembles-to-the-sector\/#primaryimage\"},\"thumbnailUrl\":\"https:\/\/www.ceaga.com\/wp-content\/uploads\/2020\/02\/imagen_569_8434-scaled.jpg\",\"datePublished\":\"2016-01-19T23:00:00+00:00\",\"dateModified\":\"2016-01-19T23:00:00+00:00\",\"author\":{\"@id\":\"https:\/\/www.ceaga.com\/en\/#\/schema\/person\/b55950d0424feae2fbda84a8f9b18dbc\"},\"breadcrumb\":{\"@id\":\"https:\/\/www.ceaga.com\/en\/a-first-level-conference-about-industry-4-0-assembles-to-the-sector\/#breadcrumb\"},\"inLanguage\":\"en-US\",\"potentialAction\":[{\"@type\":\"ReadAction\",\"target\":[\"https:\/\/www.ceaga.com\/en\/a-first-level-conference-about-industry-4-0-assembles-to-the-sector\/\"]}]},{\"@type\":\"ImageObject\",\"inLanguage\":\"en-US\",\"@id\":\"https:\/\/www.ceaga.com\/en\/a-first-level-conference-about-industry-4-0-assembles-to-the-sector\/#primaryimage\",\"url\":\"https:\/\/www.ceaga.com\/wp-content\/uploads\/2020\/02\/imagen_569_8434-scaled.jpg\",\"contentUrl\":\"https:\/\/www.ceaga.com\/wp-content\/uploads\/2020\/02\/imagen_569_8434-scaled.jpg\",\"width\":2560,\"height\":1440},{\"@type\":\"BreadcrumbList\",\"@id\":\"https:\/\/www.ceaga.com\/en\/a-first-level-conference-about-industry-4-0-assembles-to-the-sector\/#breadcrumb\",\"itemListElement\":[{\"@type\":\"ListItem\",\"position\":1,\"name\":\"Portada\",\"item\":\"https:\/\/www.ceaga.com\/en\/\"},{\"@type\":\"ListItem\",\"position\":2,\"name\":\"A first level conference about Industry 4.0 assembles to the Sector\"}]},{\"@type\":\"WebSite\",\"@id\":\"https:\/\/www.ceaga.com\/en\/#website\",\"url\":\"https:\/\/www.ceaga.com\/en\/\",\"name\":\"CEAGA. Cluster de Automoci\u00f3n y Movilidad de Galicia\",\"description\":\"CEAGA atesora a\u00f1os de experiencia en la puesta en marcha de proyectos colaborativos de alto impacto. Actualmente, damos soporte y apoyo estrat\u00e9gico en cluster management a otras entidades a nivel nacional e internacional. Para m\u00e1s info, solicita una reuni\u00f3n a trav\u00e9s de: ceaga@ceaga.com\",\"potentialAction\":[{\"@type\":\"SearchAction\",\"target\":{\"@type\":\"EntryPoint\",\"urlTemplate\":\"https:\/\/www.ceaga.com\/en\/?s={search_term_string}\"},\"query-input\":\"required name=search_term_string\"}],\"inLanguage\":\"en-US\"},{\"@type\":\"Person\",\"@id\":\"https:\/\/www.ceaga.com\/en\/#\/schema\/person\/b55950d0424feae2fbda84a8f9b18dbc\",\"name\":\"Miriam Carames\",\"url\":\"https:\/\/www.ceaga.com\/en\/author\/miriam\/\"}]}<\/script>\n<!-- \/ Yoast SEO plugin. -->","yoast_head_json":{"title":"A first level conference about Industry 4.0 assembles to the Sector - CEAGA. Cluster de Automocion y Movilidad de Galicia","robots":{"index":"index","follow":"follow","max-snippet":"max-snippet:-1","max-image-preview":"max-image-preview:large","max-video-preview":"max-video-preview:-1"},"canonical":"https:\/\/www.ceaga.com\/en\/a-first-level-conference-about-industry-4-0-assembles-to-the-sector\/","og_locale":"en_US","og_type":"article","og_title":"A first level conference about Industry 4.0 assembles to the Sector - CEAGA. Cluster de Automocion y Movilidad de Galicia","og_description":"CEAGA, in collaboration with PSA Peugeot Citroen and CTAG, has organized a conference about \u201dThe Galician automotive to the challenges of the Industry 4.0,\u201d which will take place on Friday, January 22 at 10 am, in the auditorium of CTAG. This meeting will have the participation of international experts in the area of new industry [&hellip;]","og_url":"https:\/\/www.ceaga.com\/en\/a-first-level-conference-about-industry-4-0-assembles-to-the-sector\/","og_site_name":"CEAGA. Cluster de Automocion y Movilidad de Galicia","article_published_time":"2016-01-19T23:00:00+00:00","og_image":[{"width":2560,"height":1440,"url":"https:\/\/www.ceaga.com\/wp-content\/uploads\/2020\/02\/imagen_569_8434-scaled.jpg","type":"image\/jpeg"}],"author":"Miriam Carames","twitter_card":"summary_large_image","twitter_misc":{"Written by":"Miriam Carames","Est. reading time":"2 minutes"},"schema":{"@context":"https:\/\/schema.org","@graph":[{"@type":"WebPage","@id":"https:\/\/www.ceaga.com\/en\/a-first-level-conference-about-industry-4-0-assembles-to-the-sector\/","url":"https:\/\/www.ceaga.com\/en\/a-first-level-conference-about-industry-4-0-assembles-to-the-sector\/","name":"A first level conference about Industry 4.0 assembles to the Sector - CEAGA. Cluster de Automocion y Movilidad de Galicia","isPartOf":{"@id":"https:\/\/www.ceaga.com\/en\/#website"},"primaryImageOfPage":{"@id":"https:\/\/www.ceaga.com\/en\/a-first-level-conference-about-industry-4-0-assembles-to-the-sector\/#primaryimage"},"image":{"@id":"https:\/\/www.ceaga.com\/en\/a-first-level-conference-about-industry-4-0-assembles-to-the-sector\/#primaryimage"},"thumbnailUrl":"https:\/\/www.ceaga.com\/wp-content\/uploads\/2020\/02\/imagen_569_8434-scaled.jpg","datePublished":"2016-01-19T23:00:00+00:00","dateModified":"2016-01-19T23:00:00+00:00","author":{"@id":"https:\/\/www.ceaga.com\/en\/#\/schema\/person\/b55950d0424feae2fbda84a8f9b18dbc"},"breadcrumb":{"@id":"https:\/\/www.ceaga.com\/en\/a-first-level-conference-about-industry-4-0-assembles-to-the-sector\/#breadcrumb"},"inLanguage":"en-US","potentialAction":[{"@type":"ReadAction","target":["https:\/\/www.ceaga.com\/en\/a-first-level-conference-about-industry-4-0-assembles-to-the-sector\/"]}]},{"@type":"ImageObject","inLanguage":"en-US","@id":"https:\/\/www.ceaga.com\/en\/a-first-level-conference-about-industry-4-0-assembles-to-the-sector\/#primaryimage","url":"https:\/\/www.ceaga.com\/wp-content\/uploads\/2020\/02\/imagen_569_8434-scaled.jpg","contentUrl":"https:\/\/www.ceaga.com\/wp-content\/uploads\/2020\/02\/imagen_569_8434-scaled.jpg","width":2560,"height":1440},{"@type":"BreadcrumbList","@id":"https:\/\/www.ceaga.com\/en\/a-first-level-conference-about-industry-4-0-assembles-to-the-sector\/#breadcrumb","itemListElement":[{"@type":"ListItem","position":1,"name":"Portada","item":"https:\/\/www.ceaga.com\/en\/"},{"@type":"ListItem","position":2,"name":"A first level conference about Industry 4.0 assembles to the Sector"}]},{"@type":"WebSite","@id":"https:\/\/www.ceaga.com\/en\/#website","url":"https:\/\/www.ceaga.com\/en\/","name":"CEAGA. Cluster de Automoci\u00f3n y Movilidad de Galicia","description":"CEAGA atesora a\u00f1os de experiencia en la puesta en marcha de proyectos colaborativos de alto impacto. Actualmente, damos soporte y apoyo estrat\u00e9gico en cluster management a otras entidades a nivel nacional e internacional. Para m\u00e1s info, solicita una reuni\u00f3n a trav\u00e9s de: ceaga@ceaga.com","potentialAction":[{"@type":"SearchAction","target":{"@type":"EntryPoint","urlTemplate":"https:\/\/www.ceaga.com\/en\/?s={search_term_string}"},"query-input":"required name=search_term_string"}],"inLanguage":"en-US"},{"@type":"Person","@id":"https:\/\/www.ceaga.com\/en\/#\/schema\/person\/b55950d0424feae2fbda84a8f9b18dbc","name":"Miriam Carames","url":"https:\/\/www.ceaga.com\/en\/author\/miriam\/"}]}},"_links":{"self":[{"href":"https:\/\/www.ceaga.com\/en\/wp-json\/wp\/v2\/posts\/16899"}],"collection":[{"href":"https:\/\/www.ceaga.com\/en\/wp-json\/wp\/v2\/posts"}],"about":[{"href":"https:\/\/www.ceaga.com\/en\/wp-json\/wp\/v2\/types\/post"}],"author":[{"embeddable":true,"href":"https:\/\/www.ceaga.com\/en\/wp-json\/wp\/v2\/users\/47"}],"replies":[{"embeddable":true,"href":"https:\/\/www.ceaga.com\/en\/wp-json\/wp\/v2\/comments?post=16899"}],"version-history":[{"count":0,"href":"https:\/\/www.ceaga.com\/en\/wp-json\/wp\/v2\/posts\/16899\/revisions"}],"wp:featuredmedia":[{"embeddable":true,"href":"https:\/\/www.ceaga.com\/en\/wp-json\/wp\/v2\/media\/16900"}],"wp:attachment":[{"href":"https:\/\/www.ceaga.com\/en\/wp-json\/wp\/v2\/media?parent=16899"}],"wp:term":[{"taxonomy":"category","embeddable":true,"href":"https:\/\/www.ceaga.com\/en\/wp-json\/wp\/v2\/categories?post=16899"},{"taxonomy":"post_tag","embeddable":true,"href":"https:\/\/www.ceaga.com\/en\/wp-json\/wp\/v2\/tags?post=16899"}],"curies":[{"name":"wp","href":"https:\/\/api.w.org\/{rel}","templated":true}]}}