{"id":16667,"date":"2013-09-04T00:00:00","date_gmt":"2013-09-03T22:00:00","guid":{"rendered":"https:\/\/ceaga.com\/cluster-companies-try-an-electric-car-for-three-months\/"},"modified":"2013-09-04T00:00:00","modified_gmt":"2013-09-03T22:00:00","slug":"cluster-companies-try-an-electric-car-for-three-months","status":"publish","type":"post","link":"https:\/\/www.ceaga.com\/en\/cluster-companies-try-an-electric-car-for-three-months\/","title":{"rendered":"Cluster companies try an electric car for three months"},"content":{"rendered":"<p>CEAGA, together with 13 companies and institutions from six countries of the European Union, participates in the Project \u201deBRIDGE: Empowering e-fleets for business and private purposes in cities\u201d, framed within the policy \u201dIntelligent Energy Europe\u201d (IEE) of the EU.<\/p>\n<p>This project proposal aims to demonstrate that the introduction of electric vehicles in captive fleets for corporate and private usage in cities can help overcome these barriers and efficiently contribute to improving market conditions for the electric mobility sector.  <\/p>\n<p>CEAGA\u2019s role is to monitor the use of electric vehicles by Cluster companies, so they could freely use, for three months, an electric vehicle upon request. The transfer will take place until March 2016, date on which the project concludes. The Cluster will monitor the vehicle thanks to a device that will allow extract online data about the kilometers, range, number of recharges of the vehicle, etc.<\/p>\n<p>The electric vehicle data collection will take place in different European cities at the same time: Berlin, Vigo, Valencia, Milan, Lisbon and Carmarthenshire (United Kingdom), and at different towns in Austria.<\/p>\n<p>The next meeting of this project will take place in Vigo, at the Cluster facilities, from 2 to 4 October, in order to analyze the data obtained in the first phase of the project.<\/p>\n","protected":false},"excerpt":{"rendered":"<p>CEAGA, together with 13 companies and institutions from six countries of the European Union, participates in the Project \u201deBRIDGE: Empowering e-fleets for business and private purposes in cities\u201d, framed within the policy \u201dIntelligent Energy Europe\u201d (IEE) of the EU. This project proposal aims to demonstrate that the introduction of electric vehicles in captive fleets for [&hellip;]<\/p>\n","protected":false},"author":47,"featured_media":16668,"comment_status":"closed","ping_status":"closed","sticky":false,"template":"","format":"standard","meta":{"_acf_changed":false,"footnotes":""},"categories":[1],"tags":[],"acf":[],"yoast_head":"<!-- This site is optimized with the Yoast SEO plugin v23.0 - https:\/\/yoast.com\/wordpress\/plugins\/seo\/ -->\n<title>Cluster companies try an electric car for three months - CEAGA. Cluster de Automocion y Movilidad de Galicia<\/title>\n<meta name=\"robots\" content=\"index, follow, max-snippet:-1, max-image-preview:large, max-video-preview:-1\" \/>\n<link rel=\"canonical\" href=\"https:\/\/www.ceaga.com\/en\/cluster-companies-try-an-electric-car-for-three-months\/\" \/>\n<meta property=\"og:locale\" content=\"en_US\" \/>\n<meta property=\"og:type\" content=\"article\" \/>\n<meta property=\"og:title\" content=\"Cluster companies try an electric car for three months - CEAGA. Cluster de Automocion y Movilidad de Galicia\" \/>\n<meta property=\"og:description\" content=\"CEAGA, together with 13 companies and institutions from six countries of the European Union, participates in the Project \u201deBRIDGE: Empowering e-fleets for business and private purposes in cities\u201d, framed within the policy \u201dIntelligent Energy Europe\u201d (IEE) of the EU. This project proposal aims to demonstrate that the introduction of electric vehicles in captive fleets for [&hellip;]\" \/>\n<meta property=\"og:url\" content=\"https:\/\/www.ceaga.com\/en\/cluster-companies-try-an-electric-car-for-three-months\/\" \/>\n<meta property=\"og:site_name\" content=\"CEAGA. Cluster de Automocion y Movilidad de Galicia\" \/>\n<meta property=\"article:published_time\" content=\"2013-09-03T22:00:00+00:00\" \/>\n<meta property=\"og:image\" content=\"https:\/\/www.ceaga.com\/wp-content\/uploads\/2020\/02\/imagen_420_3943-scaled.jpg\" \/>\n\t<meta property=\"og:image:width\" content=\"1700\" \/>\n\t<meta property=\"og:image:height\" content=\"2560\" \/>\n\t<meta property=\"og:image:type\" content=\"image\/jpeg\" \/>\n<meta name=\"author\" content=\"Miriam Carames\" \/>\n<meta name=\"twitter:card\" content=\"summary_large_image\" \/>\n<meta name=\"twitter:label1\" content=\"Written by\" \/>\n\t<meta name=\"twitter:data1\" content=\"Miriam Carames\" \/>\n\t<meta name=\"twitter:label2\" content=\"Est. reading time\" \/>\n\t<meta name=\"twitter:data2\" content=\"1 minute\" \/>\n<script type=\"application\/ld+json\" class=\"yoast-schema-graph\">{\"@context\":\"https:\/\/schema.org\",\"@graph\":[{\"@type\":\"WebPage\",\"@id\":\"https:\/\/www.ceaga.com\/en\/cluster-companies-try-an-electric-car-for-three-months\/\",\"url\":\"https:\/\/www.ceaga.com\/en\/cluster-companies-try-an-electric-car-for-three-months\/\",\"name\":\"Cluster companies try an electric car for three months - CEAGA. Cluster de Automocion y Movilidad de Galicia\",\"isPartOf\":{\"@id\":\"https:\/\/www.ceaga.com\/en\/#website\"},\"primaryImageOfPage\":{\"@id\":\"https:\/\/www.ceaga.com\/en\/cluster-companies-try-an-electric-car-for-three-months\/#primaryimage\"},\"image\":{\"@id\":\"https:\/\/www.ceaga.com\/en\/cluster-companies-try-an-electric-car-for-three-months\/#primaryimage\"},\"thumbnailUrl\":\"https:\/\/www.ceaga.com\/wp-content\/uploads\/2020\/02\/imagen_420_3943-scaled.jpg\",\"datePublished\":\"2013-09-03T22:00:00+00:00\",\"dateModified\":\"2013-09-03T22:00:00+00:00\",\"author\":{\"@id\":\"https:\/\/www.ceaga.com\/en\/#\/schema\/person\/b55950d0424feae2fbda84a8f9b18dbc\"},\"breadcrumb\":{\"@id\":\"https:\/\/www.ceaga.com\/en\/cluster-companies-try-an-electric-car-for-three-months\/#breadcrumb\"},\"inLanguage\":\"en-US\",\"potentialAction\":[{\"@type\":\"ReadAction\",\"target\":[\"https:\/\/www.ceaga.com\/en\/cluster-companies-try-an-electric-car-for-three-months\/\"]}]},{\"@type\":\"ImageObject\",\"inLanguage\":\"en-US\",\"@id\":\"https:\/\/www.ceaga.com\/en\/cluster-companies-try-an-electric-car-for-three-months\/#primaryimage\",\"url\":\"https:\/\/www.ceaga.com\/wp-content\/uploads\/2020\/02\/imagen_420_3943-scaled.jpg\",\"contentUrl\":\"https:\/\/www.ceaga.com\/wp-content\/uploads\/2020\/02\/imagen_420_3943-scaled.jpg\",\"width\":1700,\"height\":2560,\"caption\":\"CEAGA apuesta por la electromovilidad.\"},{\"@type\":\"BreadcrumbList\",\"@id\":\"https:\/\/www.ceaga.com\/en\/cluster-companies-try-an-electric-car-for-three-months\/#breadcrumb\",\"itemListElement\":[{\"@type\":\"ListItem\",\"position\":1,\"name\":\"Portada\",\"item\":\"https:\/\/www.ceaga.com\/en\/\"},{\"@type\":\"ListItem\",\"position\":2,\"name\":\"Cluster companies try an electric car for three months\"}]},{\"@type\":\"WebSite\",\"@id\":\"https:\/\/www.ceaga.com\/en\/#website\",\"url\":\"https:\/\/www.ceaga.com\/en\/\",\"name\":\"CEAGA. Cluster de Automoci\u00f3n y Movilidad de Galicia\",\"description\":\"CEAGA atesora a\u00f1os de experiencia en la puesta en marcha de proyectos colaborativos de alto impacto. Actualmente, damos soporte y apoyo estrat\u00e9gico en cluster management a otras entidades a nivel nacional e internacional. Para m\u00e1s info, solicita una reuni\u00f3n a trav\u00e9s de: ceaga@ceaga.com\",\"potentialAction\":[{\"@type\":\"SearchAction\",\"target\":{\"@type\":\"EntryPoint\",\"urlTemplate\":\"https:\/\/www.ceaga.com\/en\/?s={search_term_string}\"},\"query-input\":\"required name=search_term_string\"}],\"inLanguage\":\"en-US\"},{\"@type\":\"Person\",\"@id\":\"https:\/\/www.ceaga.com\/en\/#\/schema\/person\/b55950d0424feae2fbda84a8f9b18dbc\",\"name\":\"Miriam Carames\",\"url\":\"https:\/\/www.ceaga.com\/en\/author\/miriam\/\"}]}<\/script>\n<!-- \/ Yoast SEO plugin. -->","yoast_head_json":{"title":"Cluster companies try an electric car for three months - CEAGA. Cluster de Automocion y Movilidad de Galicia","robots":{"index":"index","follow":"follow","max-snippet":"max-snippet:-1","max-image-preview":"max-image-preview:large","max-video-preview":"max-video-preview:-1"},"canonical":"https:\/\/www.ceaga.com\/en\/cluster-companies-try-an-electric-car-for-three-months\/","og_locale":"en_US","og_type":"article","og_title":"Cluster companies try an electric car for three months - CEAGA. Cluster de Automocion y Movilidad de Galicia","og_description":"CEAGA, together with 13 companies and institutions from six countries of the European Union, participates in the Project \u201deBRIDGE: Empowering e-fleets for business and private purposes in cities\u201d, framed within the policy \u201dIntelligent Energy Europe\u201d (IEE) of the EU. This project proposal aims to demonstrate that the introduction of electric vehicles in captive fleets for [&hellip;]","og_url":"https:\/\/www.ceaga.com\/en\/cluster-companies-try-an-electric-car-for-three-months\/","og_site_name":"CEAGA. Cluster de Automocion y Movilidad de Galicia","article_published_time":"2013-09-03T22:00:00+00:00","og_image":[{"width":1700,"height":2560,"url":"https:\/\/www.ceaga.com\/wp-content\/uploads\/2020\/02\/imagen_420_3943-scaled.jpg","type":"image\/jpeg"}],"author":"Miriam Carames","twitter_card":"summary_large_image","twitter_misc":{"Written by":"Miriam Carames","Est. reading time":"1 minute"},"schema":{"@context":"https:\/\/schema.org","@graph":[{"@type":"WebPage","@id":"https:\/\/www.ceaga.com\/en\/cluster-companies-try-an-electric-car-for-three-months\/","url":"https:\/\/www.ceaga.com\/en\/cluster-companies-try-an-electric-car-for-three-months\/","name":"Cluster companies try an electric car for three months - CEAGA. Cluster de Automocion y Movilidad de Galicia","isPartOf":{"@id":"https:\/\/www.ceaga.com\/en\/#website"},"primaryImageOfPage":{"@id":"https:\/\/www.ceaga.com\/en\/cluster-companies-try-an-electric-car-for-three-months\/#primaryimage"},"image":{"@id":"https:\/\/www.ceaga.com\/en\/cluster-companies-try-an-electric-car-for-three-months\/#primaryimage"},"thumbnailUrl":"https:\/\/www.ceaga.com\/wp-content\/uploads\/2020\/02\/imagen_420_3943-scaled.jpg","datePublished":"2013-09-03T22:00:00+00:00","dateModified":"2013-09-03T22:00:00+00:00","author":{"@id":"https:\/\/www.ceaga.com\/en\/#\/schema\/person\/b55950d0424feae2fbda84a8f9b18dbc"},"breadcrumb":{"@id":"https:\/\/www.ceaga.com\/en\/cluster-companies-try-an-electric-car-for-three-months\/#breadcrumb"},"inLanguage":"en-US","potentialAction":[{"@type":"ReadAction","target":["https:\/\/www.ceaga.com\/en\/cluster-companies-try-an-electric-car-for-three-months\/"]}]},{"@type":"ImageObject","inLanguage":"en-US","@id":"https:\/\/www.ceaga.com\/en\/cluster-companies-try-an-electric-car-for-three-months\/#primaryimage","url":"https:\/\/www.ceaga.com\/wp-content\/uploads\/2020\/02\/imagen_420_3943-scaled.jpg","contentUrl":"https:\/\/www.ceaga.com\/wp-content\/uploads\/2020\/02\/imagen_420_3943-scaled.jpg","width":1700,"height":2560,"caption":"CEAGA apuesta por la electromovilidad."},{"@type":"BreadcrumbList","@id":"https:\/\/www.ceaga.com\/en\/cluster-companies-try-an-electric-car-for-three-months\/#breadcrumb","itemListElement":[{"@type":"ListItem","position":1,"name":"Portada","item":"https:\/\/www.ceaga.com\/en\/"},{"@type":"ListItem","position":2,"name":"Cluster companies try an electric car for three months"}]},{"@type":"WebSite","@id":"https:\/\/www.ceaga.com\/en\/#website","url":"https:\/\/www.ceaga.com\/en\/","name":"CEAGA. Cluster de Automoci\u00f3n y Movilidad de Galicia","description":"CEAGA atesora a\u00f1os de experiencia en la puesta en marcha de proyectos colaborativos de alto impacto. Actualmente, damos soporte y apoyo estrat\u00e9gico en cluster management a otras entidades a nivel nacional e internacional. Para m\u00e1s info, solicita una reuni\u00f3n a trav\u00e9s de: ceaga@ceaga.com","potentialAction":[{"@type":"SearchAction","target":{"@type":"EntryPoint","urlTemplate":"https:\/\/www.ceaga.com\/en\/?s={search_term_string}"},"query-input":"required name=search_term_string"}],"inLanguage":"en-US"},{"@type":"Person","@id":"https:\/\/www.ceaga.com\/en\/#\/schema\/person\/b55950d0424feae2fbda84a8f9b18dbc","name":"Miriam Carames","url":"https:\/\/www.ceaga.com\/en\/author\/miriam\/"}]}},"_links":{"self":[{"href":"https:\/\/www.ceaga.com\/en\/wp-json\/wp\/v2\/posts\/16667"}],"collection":[{"href":"https:\/\/www.ceaga.com\/en\/wp-json\/wp\/v2\/posts"}],"about":[{"href":"https:\/\/www.ceaga.com\/en\/wp-json\/wp\/v2\/types\/post"}],"author":[{"embeddable":true,"href":"https:\/\/www.ceaga.com\/en\/wp-json\/wp\/v2\/users\/47"}],"replies":[{"embeddable":true,"href":"https:\/\/www.ceaga.com\/en\/wp-json\/wp\/v2\/comments?post=16667"}],"version-history":[{"count":0,"href":"https:\/\/www.ceaga.com\/en\/wp-json\/wp\/v2\/posts\/16667\/revisions"}],"wp:featuredmedia":[{"embeddable":true,"href":"https:\/\/www.ceaga.com\/en\/wp-json\/wp\/v2\/media\/16668"}],"wp:attachment":[{"href":"https:\/\/www.ceaga.com\/en\/wp-json\/wp\/v2\/media?parent=16667"}],"wp:term":[{"taxonomy":"category","embeddable":true,"href":"https:\/\/www.ceaga.com\/en\/wp-json\/wp\/v2\/categories?post=16667"},{"taxonomy":"post_tag","embeddable":true,"href":"https:\/\/www.ceaga.com\/en\/wp-json\/wp\/v2\/tags?post=16667"}],"curies":[{"name":"wp","href":"https:\/\/api.w.org\/{rel}","templated":true}]}}