{"id":16579,"date":"2012-10-01T00:00:00","date_gmt":"2012-09-30T22:00:00","guid":{"rendered":"https:\/\/ceaga.com\/ceaga-participates-in-a-conference-with-more-than-100-galician-cluster-companies\/"},"modified":"2012-10-01T00:00:00","modified_gmt":"2012-09-30T22:00:00","slug":"ceaga-participates-in-a-conference-with-more-than-100-galician-cluster-companies","status":"publish","type":"post","link":"https:\/\/www.ceaga.com\/en\/ceaga-participates-in-a-conference-with-more-than-100-galician-cluster-companies\/","title":{"rendered":"CEAGA participates in a conference with more than 100 Galician Cluster companies"},"content":{"rendered":"<p>On the 28th of September CEAGA participated in a conference addressed to all Galician Cluster companies: The event was organized by the Igape, in Santiago de Compostela, and counted with the participation of the Regional Minister of Economy and Industry, Javier Guerra.<\/p>\n<p>Over 100 companies belonging to industrial Galician clusters &#8211; such as the Naval, Granite, Textile or Wood Cluster, &#8211; participated in this act. .Both, company and cluster governance members had the chance to hear first-hand the new initiatives, trends and policies in terms of Clusters at the regional, national and European level.<\/p>\n<p>Besides representatives of Igape and Xunta de Galicia, in this event took part many Clusters experts that delved into the evolution and prospects of these organizations in Galicia.<\/p>\n<p>For more information, do not hesitate to contact:<\/p>\n<p>Clara Garc\u00eda<br \/>\nclara.garcia@ceaga.com<br \/>\nTel. 986 213 790<\/p>\n","protected":false},"excerpt":{"rendered":"<p>On the 28th of September CEAGA participated in a conference addressed to all Galician Cluster companies: The event was organized by the Igape, in Santiago de Compostela, and counted with the participation of the Regional Minister of Economy and Industry, Javier Guerra. Over 100 companies belonging to industrial Galician clusters &#8211; such as the Naval, [&hellip;]<\/p>\n","protected":false},"author":47,"featured_media":16580,"comment_status":"closed","ping_status":"closed","sticky":false,"template":"","format":"standard","meta":{"_acf_changed":false,"footnotes":""},"categories":[1],"tags":[],"acf":[],"yoast_head":"<!-- This site is optimized with the Yoast SEO plugin v23.0 - https:\/\/yoast.com\/wordpress\/plugins\/seo\/ -->\n<title>CEAGA participates in a conference with more than 100 Galician Cluster companies - CEAGA. Cluster de Automocion y Movilidad de Galicia<\/title>\n<meta name=\"robots\" content=\"index, follow, max-snippet:-1, max-image-preview:large, max-video-preview:-1\" \/>\n<link rel=\"canonical\" href=\"https:\/\/www.ceaga.com\/en\/ceaga-participates-in-a-conference-with-more-than-100-galician-cluster-companies\/\" \/>\n<meta property=\"og:locale\" content=\"en_US\" \/>\n<meta property=\"og:type\" content=\"article\" \/>\n<meta property=\"og:title\" content=\"CEAGA participates in a conference with more than 100 Galician Cluster companies - CEAGA. Cluster de Automocion y Movilidad de Galicia\" \/>\n<meta property=\"og:description\" content=\"On the 28th of September CEAGA participated in a conference addressed to all Galician Cluster companies: The event was organized by the Igape, in Santiago de Compostela, and counted with the participation of the Regional Minister of Economy and Industry, Javier Guerra. Over 100 companies belonging to industrial Galician clusters &#8211; such as the Naval, [&hellip;]\" \/>\n<meta property=\"og:url\" content=\"https:\/\/www.ceaga.com\/en\/ceaga-participates-in-a-conference-with-more-than-100-galician-cluster-companies\/\" \/>\n<meta property=\"og:site_name\" content=\"CEAGA. Cluster de Automocion y Movilidad de Galicia\" \/>\n<meta property=\"article:published_time\" content=\"2012-09-30T22:00:00+00:00\" \/>\n<meta property=\"og:image\" content=\"https:\/\/www.ceaga.com\/wp-content\/uploads\/2020\/02\/imagen_369_9412-scaled.jpg\" \/>\n\t<meta property=\"og:image:width\" content=\"2560\" \/>\n\t<meta property=\"og:image:height\" content=\"1700\" \/>\n\t<meta property=\"og:image:type\" content=\"image\/jpeg\" \/>\n<meta name=\"author\" content=\"Miriam Carames\" \/>\n<meta name=\"twitter:card\" content=\"summary_large_image\" \/>\n<meta name=\"twitter:label1\" content=\"Written by\" \/>\n\t<meta name=\"twitter:data1\" content=\"Miriam Carames\" \/>\n\t<meta name=\"twitter:label2\" content=\"Est. reading time\" \/>\n\t<meta name=\"twitter:data2\" content=\"1 minute\" \/>\n<script type=\"application\/ld+json\" class=\"yoast-schema-graph\">{\"@context\":\"https:\/\/schema.org\",\"@graph\":[{\"@type\":\"WebPage\",\"@id\":\"https:\/\/www.ceaga.com\/en\/ceaga-participates-in-a-conference-with-more-than-100-galician-cluster-companies\/\",\"url\":\"https:\/\/www.ceaga.com\/en\/ceaga-participates-in-a-conference-with-more-than-100-galician-cluster-companies\/\",\"name\":\"CEAGA participates in a conference with more than 100 Galician Cluster companies - CEAGA. Cluster de Automocion y Movilidad de Galicia\",\"isPartOf\":{\"@id\":\"https:\/\/www.ceaga.com\/en\/#website\"},\"primaryImageOfPage\":{\"@id\":\"https:\/\/www.ceaga.com\/en\/ceaga-participates-in-a-conference-with-more-than-100-galician-cluster-companies\/#primaryimage\"},\"image\":{\"@id\":\"https:\/\/www.ceaga.com\/en\/ceaga-participates-in-a-conference-with-more-than-100-galician-cluster-companies\/#primaryimage\"},\"thumbnailUrl\":\"https:\/\/www.ceaga.com\/wp-content\/uploads\/2020\/02\/imagen_369_9412-scaled.jpg\",\"datePublished\":\"2012-09-30T22:00:00+00:00\",\"dateModified\":\"2012-09-30T22:00:00+00:00\",\"author\":{\"@id\":\"https:\/\/www.ceaga.com\/en\/#\/schema\/person\/b55950d0424feae2fbda84a8f9b18dbc\"},\"breadcrumb\":{\"@id\":\"https:\/\/www.ceaga.com\/en\/ceaga-participates-in-a-conference-with-more-than-100-galician-cluster-companies\/#breadcrumb\"},\"inLanguage\":\"en-US\",\"potentialAction\":[{\"@type\":\"ReadAction\",\"target\":[\"https:\/\/www.ceaga.com\/en\/ceaga-participates-in-a-conference-with-more-than-100-galician-cluster-companies\/\"]}]},{\"@type\":\"ImageObject\",\"inLanguage\":\"en-US\",\"@id\":\"https:\/\/www.ceaga.com\/en\/ceaga-participates-in-a-conference-with-more-than-100-galician-cluster-companies\/#primaryimage\",\"url\":\"https:\/\/www.ceaga.com\/wp-content\/uploads\/2020\/02\/imagen_369_9412-scaled.jpg\",\"contentUrl\":\"https:\/\/www.ceaga.com\/wp-content\/uploads\/2020\/02\/imagen_369_9412-scaled.jpg\",\"width\":2560,\"height\":1700,\"caption\":\"La jornada cont\u00f3 con la presencia del Conselleiro de Econom\u00eda e Industria, Javier Guerra.\"},{\"@type\":\"BreadcrumbList\",\"@id\":\"https:\/\/www.ceaga.com\/en\/ceaga-participates-in-a-conference-with-more-than-100-galician-cluster-companies\/#breadcrumb\",\"itemListElement\":[{\"@type\":\"ListItem\",\"position\":1,\"name\":\"Portada\",\"item\":\"https:\/\/www.ceaga.com\/en\/\"},{\"@type\":\"ListItem\",\"position\":2,\"name\":\"CEAGA participates in a conference with more than 100 Galician Cluster companies\"}]},{\"@type\":\"WebSite\",\"@id\":\"https:\/\/www.ceaga.com\/en\/#website\",\"url\":\"https:\/\/www.ceaga.com\/en\/\",\"name\":\"CEAGA. Cluster de Automoci\u00f3n y Movilidad de Galicia\",\"description\":\"CEAGA atesora a\u00f1os de experiencia en la puesta en marcha de proyectos colaborativos de alto impacto. Actualmente, damos soporte y apoyo estrat\u00e9gico en cluster management a otras entidades a nivel nacional e internacional. Para m\u00e1s info, solicita una reuni\u00f3n a trav\u00e9s de: ceaga@ceaga.com\",\"potentialAction\":[{\"@type\":\"SearchAction\",\"target\":{\"@type\":\"EntryPoint\",\"urlTemplate\":\"https:\/\/www.ceaga.com\/en\/?s={search_term_string}\"},\"query-input\":\"required name=search_term_string\"}],\"inLanguage\":\"en-US\"},{\"@type\":\"Person\",\"@id\":\"https:\/\/www.ceaga.com\/en\/#\/schema\/person\/b55950d0424feae2fbda84a8f9b18dbc\",\"name\":\"Miriam Carames\",\"url\":\"https:\/\/www.ceaga.com\/en\/author\/miriam\/\"}]}<\/script>\n<!-- \/ Yoast SEO plugin. -->","yoast_head_json":{"title":"CEAGA participates in a conference with more than 100 Galician Cluster companies - CEAGA. Cluster de Automocion y Movilidad de Galicia","robots":{"index":"index","follow":"follow","max-snippet":"max-snippet:-1","max-image-preview":"max-image-preview:large","max-video-preview":"max-video-preview:-1"},"canonical":"https:\/\/www.ceaga.com\/en\/ceaga-participates-in-a-conference-with-more-than-100-galician-cluster-companies\/","og_locale":"en_US","og_type":"article","og_title":"CEAGA participates in a conference with more than 100 Galician Cluster companies - CEAGA. Cluster de Automocion y Movilidad de Galicia","og_description":"On the 28th of September CEAGA participated in a conference addressed to all Galician Cluster companies: The event was organized by the Igape, in Santiago de Compostela, and counted with the participation of the Regional Minister of Economy and Industry, Javier Guerra. Over 100 companies belonging to industrial Galician clusters &#8211; such as the Naval, [&hellip;]","og_url":"https:\/\/www.ceaga.com\/en\/ceaga-participates-in-a-conference-with-more-than-100-galician-cluster-companies\/","og_site_name":"CEAGA. Cluster de Automocion y Movilidad de Galicia","article_published_time":"2012-09-30T22:00:00+00:00","og_image":[{"width":2560,"height":1700,"url":"https:\/\/www.ceaga.com\/wp-content\/uploads\/2020\/02\/imagen_369_9412-scaled.jpg","type":"image\/jpeg"}],"author":"Miriam Carames","twitter_card":"summary_large_image","twitter_misc":{"Written by":"Miriam Carames","Est. reading time":"1 minute"},"schema":{"@context":"https:\/\/schema.org","@graph":[{"@type":"WebPage","@id":"https:\/\/www.ceaga.com\/en\/ceaga-participates-in-a-conference-with-more-than-100-galician-cluster-companies\/","url":"https:\/\/www.ceaga.com\/en\/ceaga-participates-in-a-conference-with-more-than-100-galician-cluster-companies\/","name":"CEAGA participates in a conference with more than 100 Galician Cluster companies - CEAGA. Cluster de Automocion y Movilidad de Galicia","isPartOf":{"@id":"https:\/\/www.ceaga.com\/en\/#website"},"primaryImageOfPage":{"@id":"https:\/\/www.ceaga.com\/en\/ceaga-participates-in-a-conference-with-more-than-100-galician-cluster-companies\/#primaryimage"},"image":{"@id":"https:\/\/www.ceaga.com\/en\/ceaga-participates-in-a-conference-with-more-than-100-galician-cluster-companies\/#primaryimage"},"thumbnailUrl":"https:\/\/www.ceaga.com\/wp-content\/uploads\/2020\/02\/imagen_369_9412-scaled.jpg","datePublished":"2012-09-30T22:00:00+00:00","dateModified":"2012-09-30T22:00:00+00:00","author":{"@id":"https:\/\/www.ceaga.com\/en\/#\/schema\/person\/b55950d0424feae2fbda84a8f9b18dbc"},"breadcrumb":{"@id":"https:\/\/www.ceaga.com\/en\/ceaga-participates-in-a-conference-with-more-than-100-galician-cluster-companies\/#breadcrumb"},"inLanguage":"en-US","potentialAction":[{"@type":"ReadAction","target":["https:\/\/www.ceaga.com\/en\/ceaga-participates-in-a-conference-with-more-than-100-galician-cluster-companies\/"]}]},{"@type":"ImageObject","inLanguage":"en-US","@id":"https:\/\/www.ceaga.com\/en\/ceaga-participates-in-a-conference-with-more-than-100-galician-cluster-companies\/#primaryimage","url":"https:\/\/www.ceaga.com\/wp-content\/uploads\/2020\/02\/imagen_369_9412-scaled.jpg","contentUrl":"https:\/\/www.ceaga.com\/wp-content\/uploads\/2020\/02\/imagen_369_9412-scaled.jpg","width":2560,"height":1700,"caption":"La jornada cont\u00f3 con la presencia del Conselleiro de Econom\u00eda e Industria, Javier Guerra."},{"@type":"BreadcrumbList","@id":"https:\/\/www.ceaga.com\/en\/ceaga-participates-in-a-conference-with-more-than-100-galician-cluster-companies\/#breadcrumb","itemListElement":[{"@type":"ListItem","position":1,"name":"Portada","item":"https:\/\/www.ceaga.com\/en\/"},{"@type":"ListItem","position":2,"name":"CEAGA participates in a conference with more than 100 Galician Cluster companies"}]},{"@type":"WebSite","@id":"https:\/\/www.ceaga.com\/en\/#website","url":"https:\/\/www.ceaga.com\/en\/","name":"CEAGA. Cluster de Automoci\u00f3n y Movilidad de Galicia","description":"CEAGA atesora a\u00f1os de experiencia en la puesta en marcha de proyectos colaborativos de alto impacto. Actualmente, damos soporte y apoyo estrat\u00e9gico en cluster management a otras entidades a nivel nacional e internacional. Para m\u00e1s info, solicita una reuni\u00f3n a trav\u00e9s de: ceaga@ceaga.com","potentialAction":[{"@type":"SearchAction","target":{"@type":"EntryPoint","urlTemplate":"https:\/\/www.ceaga.com\/en\/?s={search_term_string}"},"query-input":"required name=search_term_string"}],"inLanguage":"en-US"},{"@type":"Person","@id":"https:\/\/www.ceaga.com\/en\/#\/schema\/person\/b55950d0424feae2fbda84a8f9b18dbc","name":"Miriam Carames","url":"https:\/\/www.ceaga.com\/en\/author\/miriam\/"}]}},"_links":{"self":[{"href":"https:\/\/www.ceaga.com\/en\/wp-json\/wp\/v2\/posts\/16579"}],"collection":[{"href":"https:\/\/www.ceaga.com\/en\/wp-json\/wp\/v2\/posts"}],"about":[{"href":"https:\/\/www.ceaga.com\/en\/wp-json\/wp\/v2\/types\/post"}],"author":[{"embeddable":true,"href":"https:\/\/www.ceaga.com\/en\/wp-json\/wp\/v2\/users\/47"}],"replies":[{"embeddable":true,"href":"https:\/\/www.ceaga.com\/en\/wp-json\/wp\/v2\/comments?post=16579"}],"version-history":[{"count":0,"href":"https:\/\/www.ceaga.com\/en\/wp-json\/wp\/v2\/posts\/16579\/revisions"}],"wp:featuredmedia":[{"embeddable":true,"href":"https:\/\/www.ceaga.com\/en\/wp-json\/wp\/v2\/media\/16580"}],"wp:attachment":[{"href":"https:\/\/www.ceaga.com\/en\/wp-json\/wp\/v2\/media?parent=16579"}],"wp:term":[{"taxonomy":"category","embeddable":true,"href":"https:\/\/www.ceaga.com\/en\/wp-json\/wp\/v2\/categories?post=16579"},{"taxonomy":"post_tag","embeddable":true,"href":"https:\/\/www.ceaga.com\/en\/wp-json\/wp\/v2\/tags?post=16579"}],"curies":[{"name":"wp","href":"https:\/\/api.w.org\/{rel}","templated":true}]}}