{"id":16523,"date":"2011-11-10T00:00:00","date_gmt":"2011-11-09T23:00:00","guid":{"rendered":"https:\/\/ceaga.com\/ceaga-launches-a-project-to-promote-electric-vehicles\/"},"modified":"2011-11-10T00:00:00","modified_gmt":"2011-11-09T23:00:00","slug":"ceaga-launches-a-project-to-promote-electric-vehicles","status":"publish","type":"post","link":"https:\/\/www.ceaga.com\/en\/ceaga-launches-a-project-to-promote-electric-vehicles\/","title":{"rendered":"CEAGA launches a project to promote electric vehicles"},"content":{"rendered":"<p>CEAGA and the Galician Government established two new electromobility stations in Vigo and Coru\u00f1a, as part of the Mobega demonstrative project, which tries to promote the use of electric cars in Galicia.<\/p>\n<p>Since last October 26 th it\u2019s possible to hire an electric car (Citro\u00ebn C-Zero and Peugeot iOn) for just 15 Euros per day at the National Atesa office, situated in the airports of Vigo and Coru\u00f1a. There are also available cars in Santiago de Compostela train station, which was the first station to be operational.<\/p>\n<p>It is expected the other stations in Galicia (Ourense, Lugo, Pontevedra and Ferrol) to be active before December 31st, 2011.<\/p>\n<p>To make a reservation and try one of these vehicles you can visit the website www.mobega.es or call 902 99 60 80.<\/p>\n<p>If you wish more information do not hesitate to contact us:<\/p>\n<p>Borja Dapena<br \/>\nborja.dapena@ceaga.com<br \/>\nTel. 986 213 790<\/p>\n","protected":false},"excerpt":{"rendered":"<p>CEAGA and the Galician Government established two new electromobility stations in Vigo and Coru\u00f1a, as part of the Mobega demonstrative project, which tries to promote the use of electric cars in Galicia. Since last October 26 th it\u2019s possible to hire an electric car (Citro\u00ebn C-Zero and Peugeot iOn) for just 15 Euros per day [&hellip;]<\/p>\n","protected":false},"author":47,"featured_media":16524,"comment_status":"closed","ping_status":"closed","sticky":false,"template":"","format":"standard","meta":{"_acf_changed":false,"footnotes":""},"categories":[1],"tags":[],"acf":[],"yoast_head":"<!-- This site is optimized with the Yoast SEO plugin v23.0 - https:\/\/yoast.com\/wordpress\/plugins\/seo\/ -->\n<title>CEAGA launches a project to promote electric vehicles - CEAGA. Cluster de Automocion y Movilidad de Galicia<\/title>\n<meta name=\"robots\" content=\"index, follow, max-snippet:-1, max-image-preview:large, max-video-preview:-1\" \/>\n<link rel=\"canonical\" href=\"https:\/\/www.ceaga.com\/en\/ceaga-launches-a-project-to-promote-electric-vehicles\/\" \/>\n<meta property=\"og:locale\" content=\"en_US\" \/>\n<meta property=\"og:type\" content=\"article\" \/>\n<meta property=\"og:title\" content=\"CEAGA launches a project to promote electric vehicles - CEAGA. Cluster de Automocion y Movilidad de Galicia\" \/>\n<meta property=\"og:description\" content=\"CEAGA and the Galician Government established two new electromobility stations in Vigo and Coru\u00f1a, as part of the Mobega demonstrative project, which tries to promote the use of electric cars in Galicia. Since last October 26 th it\u2019s possible to hire an electric car (Citro\u00ebn C-Zero and Peugeot iOn) for just 15 Euros per day [&hellip;]\" \/>\n<meta property=\"og:url\" content=\"https:\/\/www.ceaga.com\/en\/ceaga-launches-a-project-to-promote-electric-vehicles\/\" \/>\n<meta property=\"og:site_name\" content=\"CEAGA. Cluster de Automocion y Movilidad de Galicia\" \/>\n<meta property=\"article:published_time\" content=\"2011-11-09T23:00:00+00:00\" \/>\n<meta property=\"og:image\" content=\"https:\/\/www.ceaga.com\/wp-content\/uploads\/2020\/02\/imagen_320_3178-scaled.jpg\" \/>\n\t<meta property=\"og:image:width\" content=\"2560\" \/>\n\t<meta property=\"og:image:height\" content=\"1700\" \/>\n\t<meta property=\"og:image:type\" content=\"image\/jpeg\" \/>\n<meta name=\"author\" content=\"Miriam Carames\" \/>\n<meta name=\"twitter:card\" content=\"summary_large_image\" \/>\n<meta name=\"twitter:label1\" content=\"Written by\" \/>\n\t<meta name=\"twitter:data1\" content=\"Miriam Carames\" \/>\n\t<meta name=\"twitter:label2\" content=\"Est. reading time\" \/>\n\t<meta name=\"twitter:data2\" content=\"1 minute\" \/>\n<script type=\"application\/ld+json\" class=\"yoast-schema-graph\">{\"@context\":\"https:\/\/schema.org\",\"@graph\":[{\"@type\":\"WebPage\",\"@id\":\"https:\/\/www.ceaga.com\/en\/ceaga-launches-a-project-to-promote-electric-vehicles\/\",\"url\":\"https:\/\/www.ceaga.com\/en\/ceaga-launches-a-project-to-promote-electric-vehicles\/\",\"name\":\"CEAGA launches a project to promote electric vehicles - CEAGA. Cluster de Automocion y Movilidad de Galicia\",\"isPartOf\":{\"@id\":\"https:\/\/www.ceaga.com\/en\/#website\"},\"primaryImageOfPage\":{\"@id\":\"https:\/\/www.ceaga.com\/en\/ceaga-launches-a-project-to-promote-electric-vehicles\/#primaryimage\"},\"image\":{\"@id\":\"https:\/\/www.ceaga.com\/en\/ceaga-launches-a-project-to-promote-electric-vehicles\/#primaryimage\"},\"thumbnailUrl\":\"https:\/\/www.ceaga.com\/wp-content\/uploads\/2020\/02\/imagen_320_3178-scaled.jpg\",\"datePublished\":\"2011-11-09T23:00:00+00:00\",\"dateModified\":\"2011-11-09T23:00:00+00:00\",\"author\":{\"@id\":\"https:\/\/www.ceaga.com\/en\/#\/schema\/person\/b55950d0424feae2fbda84a8f9b18dbc\"},\"breadcrumb\":{\"@id\":\"https:\/\/www.ceaga.com\/en\/ceaga-launches-a-project-to-promote-electric-vehicles\/#breadcrumb\"},\"inLanguage\":\"en-US\",\"potentialAction\":[{\"@type\":\"ReadAction\",\"target\":[\"https:\/\/www.ceaga.com\/en\/ceaga-launches-a-project-to-promote-electric-vehicles\/\"]}]},{\"@type\":\"ImageObject\",\"inLanguage\":\"en-US\",\"@id\":\"https:\/\/www.ceaga.com\/en\/ceaga-launches-a-project-to-promote-electric-vehicles\/#primaryimage\",\"url\":\"https:\/\/www.ceaga.com\/wp-content\/uploads\/2020\/02\/imagen_320_3178-scaled.jpg\",\"contentUrl\":\"https:\/\/www.ceaga.com\/wp-content\/uploads\/2020\/02\/imagen_320_3178-scaled.jpg\",\"width\":2560,\"height\":1700,\"caption\":\"Imagen de los veh\u00edculos el\u00e9ctricos que se pueden alquilar en el aeropuerto de Vigo.\"},{\"@type\":\"BreadcrumbList\",\"@id\":\"https:\/\/www.ceaga.com\/en\/ceaga-launches-a-project-to-promote-electric-vehicles\/#breadcrumb\",\"itemListElement\":[{\"@type\":\"ListItem\",\"position\":1,\"name\":\"Portada\",\"item\":\"https:\/\/www.ceaga.com\/en\/\"},{\"@type\":\"ListItem\",\"position\":2,\"name\":\"CEAGA launches a project to promote electric vehicles\"}]},{\"@type\":\"WebSite\",\"@id\":\"https:\/\/www.ceaga.com\/en\/#website\",\"url\":\"https:\/\/www.ceaga.com\/en\/\",\"name\":\"CEAGA. Cluster de Automoci\u00f3n y Movilidad de Galicia\",\"description\":\"CEAGA atesora a\u00f1os de experiencia en la puesta en marcha de proyectos colaborativos de alto impacto. Actualmente, damos soporte y apoyo estrat\u00e9gico en cluster management a otras entidades a nivel nacional e internacional. Para m\u00e1s info, solicita una reuni\u00f3n a trav\u00e9s de: ceaga@ceaga.com\",\"potentialAction\":[{\"@type\":\"SearchAction\",\"target\":{\"@type\":\"EntryPoint\",\"urlTemplate\":\"https:\/\/www.ceaga.com\/en\/?s={search_term_string}\"},\"query-input\":\"required name=search_term_string\"}],\"inLanguage\":\"en-US\"},{\"@type\":\"Person\",\"@id\":\"https:\/\/www.ceaga.com\/en\/#\/schema\/person\/b55950d0424feae2fbda84a8f9b18dbc\",\"name\":\"Miriam Carames\",\"url\":\"https:\/\/www.ceaga.com\/en\/author\/miriam\/\"}]}<\/script>\n<!-- \/ Yoast SEO plugin. -->","yoast_head_json":{"title":"CEAGA launches a project to promote electric vehicles - CEAGA. Cluster de Automocion y Movilidad de Galicia","robots":{"index":"index","follow":"follow","max-snippet":"max-snippet:-1","max-image-preview":"max-image-preview:large","max-video-preview":"max-video-preview:-1"},"canonical":"https:\/\/www.ceaga.com\/en\/ceaga-launches-a-project-to-promote-electric-vehicles\/","og_locale":"en_US","og_type":"article","og_title":"CEAGA launches a project to promote electric vehicles - CEAGA. Cluster de Automocion y Movilidad de Galicia","og_description":"CEAGA and the Galician Government established two new electromobility stations in Vigo and Coru\u00f1a, as part of the Mobega demonstrative project, which tries to promote the use of electric cars in Galicia. Since last October 26 th it\u2019s possible to hire an electric car (Citro\u00ebn C-Zero and Peugeot iOn) for just 15 Euros per day [&hellip;]","og_url":"https:\/\/www.ceaga.com\/en\/ceaga-launches-a-project-to-promote-electric-vehicles\/","og_site_name":"CEAGA. Cluster de Automocion y Movilidad de Galicia","article_published_time":"2011-11-09T23:00:00+00:00","og_image":[{"width":2560,"height":1700,"url":"https:\/\/www.ceaga.com\/wp-content\/uploads\/2020\/02\/imagen_320_3178-scaled.jpg","type":"image\/jpeg"}],"author":"Miriam Carames","twitter_card":"summary_large_image","twitter_misc":{"Written by":"Miriam Carames","Est. reading time":"1 minute"},"schema":{"@context":"https:\/\/schema.org","@graph":[{"@type":"WebPage","@id":"https:\/\/www.ceaga.com\/en\/ceaga-launches-a-project-to-promote-electric-vehicles\/","url":"https:\/\/www.ceaga.com\/en\/ceaga-launches-a-project-to-promote-electric-vehicles\/","name":"CEAGA launches a project to promote electric vehicles - CEAGA. Cluster de Automocion y Movilidad de Galicia","isPartOf":{"@id":"https:\/\/www.ceaga.com\/en\/#website"},"primaryImageOfPage":{"@id":"https:\/\/www.ceaga.com\/en\/ceaga-launches-a-project-to-promote-electric-vehicles\/#primaryimage"},"image":{"@id":"https:\/\/www.ceaga.com\/en\/ceaga-launches-a-project-to-promote-electric-vehicles\/#primaryimage"},"thumbnailUrl":"https:\/\/www.ceaga.com\/wp-content\/uploads\/2020\/02\/imagen_320_3178-scaled.jpg","datePublished":"2011-11-09T23:00:00+00:00","dateModified":"2011-11-09T23:00:00+00:00","author":{"@id":"https:\/\/www.ceaga.com\/en\/#\/schema\/person\/b55950d0424feae2fbda84a8f9b18dbc"},"breadcrumb":{"@id":"https:\/\/www.ceaga.com\/en\/ceaga-launches-a-project-to-promote-electric-vehicles\/#breadcrumb"},"inLanguage":"en-US","potentialAction":[{"@type":"ReadAction","target":["https:\/\/www.ceaga.com\/en\/ceaga-launches-a-project-to-promote-electric-vehicles\/"]}]},{"@type":"ImageObject","inLanguage":"en-US","@id":"https:\/\/www.ceaga.com\/en\/ceaga-launches-a-project-to-promote-electric-vehicles\/#primaryimage","url":"https:\/\/www.ceaga.com\/wp-content\/uploads\/2020\/02\/imagen_320_3178-scaled.jpg","contentUrl":"https:\/\/www.ceaga.com\/wp-content\/uploads\/2020\/02\/imagen_320_3178-scaled.jpg","width":2560,"height":1700,"caption":"Imagen de los veh\u00edculos el\u00e9ctricos que se pueden alquilar en el aeropuerto de Vigo."},{"@type":"BreadcrumbList","@id":"https:\/\/www.ceaga.com\/en\/ceaga-launches-a-project-to-promote-electric-vehicles\/#breadcrumb","itemListElement":[{"@type":"ListItem","position":1,"name":"Portada","item":"https:\/\/www.ceaga.com\/en\/"},{"@type":"ListItem","position":2,"name":"CEAGA launches a project to promote electric vehicles"}]},{"@type":"WebSite","@id":"https:\/\/www.ceaga.com\/en\/#website","url":"https:\/\/www.ceaga.com\/en\/","name":"CEAGA. Cluster de Automoci\u00f3n y Movilidad de Galicia","description":"CEAGA atesora a\u00f1os de experiencia en la puesta en marcha de proyectos colaborativos de alto impacto. Actualmente, damos soporte y apoyo estrat\u00e9gico en cluster management a otras entidades a nivel nacional e internacional. Para m\u00e1s info, solicita una reuni\u00f3n a trav\u00e9s de: ceaga@ceaga.com","potentialAction":[{"@type":"SearchAction","target":{"@type":"EntryPoint","urlTemplate":"https:\/\/www.ceaga.com\/en\/?s={search_term_string}"},"query-input":"required name=search_term_string"}],"inLanguage":"en-US"},{"@type":"Person","@id":"https:\/\/www.ceaga.com\/en\/#\/schema\/person\/b55950d0424feae2fbda84a8f9b18dbc","name":"Miriam Carames","url":"https:\/\/www.ceaga.com\/en\/author\/miriam\/"}]}},"_links":{"self":[{"href":"https:\/\/www.ceaga.com\/en\/wp-json\/wp\/v2\/posts\/16523"}],"collection":[{"href":"https:\/\/www.ceaga.com\/en\/wp-json\/wp\/v2\/posts"}],"about":[{"href":"https:\/\/www.ceaga.com\/en\/wp-json\/wp\/v2\/types\/post"}],"author":[{"embeddable":true,"href":"https:\/\/www.ceaga.com\/en\/wp-json\/wp\/v2\/users\/47"}],"replies":[{"embeddable":true,"href":"https:\/\/www.ceaga.com\/en\/wp-json\/wp\/v2\/comments?post=16523"}],"version-history":[{"count":0,"href":"https:\/\/www.ceaga.com\/en\/wp-json\/wp\/v2\/posts\/16523\/revisions"}],"wp:featuredmedia":[{"embeddable":true,"href":"https:\/\/www.ceaga.com\/en\/wp-json\/wp\/v2\/media\/16524"}],"wp:attachment":[{"href":"https:\/\/www.ceaga.com\/en\/wp-json\/wp\/v2\/media?parent=16523"}],"wp:term":[{"taxonomy":"category","embeddable":true,"href":"https:\/\/www.ceaga.com\/en\/wp-json\/wp\/v2\/categories?post=16523"},{"taxonomy":"post_tag","embeddable":true,"href":"https:\/\/www.ceaga.com\/en\/wp-json\/wp\/v2\/tags?post=16523"}],"curies":[{"name":"wp","href":"https:\/\/api.w.org\/{rel}","templated":true}]}}