{"id":16483,"date":"2011-05-16T00:00:00","date_gmt":"2011-05-15T22:00:00","guid":{"rendered":"https:\/\/ceaga.com\/ceaga-participated-in-a-conference-about-the-future-of-green-powertrains\/"},"modified":"2011-05-16T00:00:00","modified_gmt":"2011-05-15T22:00:00","slug":"ceaga-participated-in-a-conference-about-the-future-of-green-powertrains","status":"publish","type":"post","link":"https:\/\/www.ceaga.com\/en\/ceaga-participated-in-a-conference-about-the-future-of-green-powertrains\/","title":{"rendered":"CEAGA participated in a conference about the future of green powertrains"},"content":{"rendered":"<p>In the last months, PROSESC (Producer Services and Competitiveness for European Sustainability), funded by the INTERREG IVC Programme of the European Commission, has carried out a strategy for the development of workshops and conferences concerning issues of sustainable mobility and competitiveness of road transport.<\/p>\n<p>Last May 10th, CEAGA participated in Slovenia in the project\u2019s Mid-Term conference organized by PROSESC. The central focus of the conference was \u201cGreen powertrains for the Future\u201d and the event was inaugurated by Slovenia\u2019s Prime Minister, Borut Pahor. During his remarks, he clearly stated Slovenia\u00b4s intent to become a referent in transport sustainability in the European Union.<\/p>\n<p>Other participants included Mr. Golobi&#269;a Gregor (Minister for higher education, research and technology of Slovenia) and Dr. Wolfgang Staiger (Chairman of European Road Transport Research Advisory Council, ERTRAC and Director of Future Technologies at the External Relations Department of Volkswagen Group).<\/p>\n<p>The PROSESC project seeks to establish working groups to analyze producer services in detail, to identify and exchange good practices and to seek policy improvements, always under the sustainability line.<\/p>\n<p>If you wish more information, do not hesitate to contact us:<\/p>\n<p>Abel Tintos<br \/>\nabel.tintos@ceaga.com<br \/>\nTel. 986 213 790<\/p>\n","protected":false},"excerpt":{"rendered":"<p>In the last months, PROSESC (Producer Services and Competitiveness for European Sustainability), funded by the INTERREG IVC Programme of the European Commission, has carried out a strategy for the development of workshops and conferences concerning issues of sustainable mobility and competitiveness of road transport. Last May 10th, CEAGA participated in Slovenia in the project\u2019s Mid-Term [&hellip;]<\/p>\n","protected":false},"author":47,"featured_media":16484,"comment_status":"closed","ping_status":"closed","sticky":false,"template":"","format":"standard","meta":{"_acf_changed":false,"footnotes":""},"categories":[1],"tags":[],"acf":[],"yoast_head":"<!-- This site is optimized with the Yoast SEO plugin v23.0 - https:\/\/yoast.com\/wordpress\/plugins\/seo\/ -->\n<title>CEAGA participated in a conference about the future of green powertrains - CEAGA. Cluster de Automocion y Movilidad de Galicia<\/title>\n<meta name=\"robots\" content=\"index, follow, max-snippet:-1, max-image-preview:large, max-video-preview:-1\" \/>\n<link rel=\"canonical\" href=\"https:\/\/www.ceaga.com\/en\/ceaga-participated-in-a-conference-about-the-future-of-green-powertrains\/\" \/>\n<meta property=\"og:locale\" content=\"en_US\" \/>\n<meta property=\"og:type\" content=\"article\" \/>\n<meta property=\"og:title\" content=\"CEAGA participated in a conference about the future of green powertrains - CEAGA. Cluster de Automocion y Movilidad de Galicia\" \/>\n<meta property=\"og:description\" content=\"In the last months, PROSESC (Producer Services and Competitiveness for European Sustainability), funded by the INTERREG IVC Programme of the European Commission, has carried out a strategy for the development of workshops and conferences concerning issues of sustainable mobility and competitiveness of road transport. Last May 10th, CEAGA participated in Slovenia in the project\u2019s Mid-Term [&hellip;]\" \/>\n<meta property=\"og:url\" content=\"https:\/\/www.ceaga.com\/en\/ceaga-participated-in-a-conference-about-the-future-of-green-powertrains\/\" \/>\n<meta property=\"og:site_name\" content=\"CEAGA. Cluster de Automocion y Movilidad de Galicia\" \/>\n<meta property=\"article:published_time\" content=\"2011-05-15T22:00:00+00:00\" \/>\n<meta property=\"og:image\" content=\"https:\/\/www.ceaga.com\/wp-content\/uploads\/2020\/02\/imagen_278_5069-scaled.jpg\" \/>\n\t<meta property=\"og:image:width\" content=\"2560\" \/>\n\t<meta property=\"og:image:height\" content=\"1700\" \/>\n\t<meta property=\"og:image:type\" content=\"image\/jpeg\" \/>\n<meta name=\"author\" content=\"Miriam Carames\" \/>\n<meta name=\"twitter:card\" content=\"summary_large_image\" \/>\n<meta name=\"twitter:label1\" content=\"Written by\" \/>\n\t<meta name=\"twitter:data1\" content=\"Miriam Carames\" \/>\n\t<meta name=\"twitter:label2\" content=\"Est. reading time\" \/>\n\t<meta name=\"twitter:data2\" content=\"1 minute\" \/>\n<script type=\"application\/ld+json\" class=\"yoast-schema-graph\">{\"@context\":\"https:\/\/schema.org\",\"@graph\":[{\"@type\":\"WebPage\",\"@id\":\"https:\/\/www.ceaga.com\/en\/ceaga-participated-in-a-conference-about-the-future-of-green-powertrains\/\",\"url\":\"https:\/\/www.ceaga.com\/en\/ceaga-participated-in-a-conference-about-the-future-of-green-powertrains\/\",\"name\":\"CEAGA participated in a conference about the future of green powertrains - CEAGA. Cluster de Automocion y Movilidad de Galicia\",\"isPartOf\":{\"@id\":\"https:\/\/www.ceaga.com\/en\/#website\"},\"primaryImageOfPage\":{\"@id\":\"https:\/\/www.ceaga.com\/en\/ceaga-participated-in-a-conference-about-the-future-of-green-powertrains\/#primaryimage\"},\"image\":{\"@id\":\"https:\/\/www.ceaga.com\/en\/ceaga-participated-in-a-conference-about-the-future-of-green-powertrains\/#primaryimage\"},\"thumbnailUrl\":\"https:\/\/www.ceaga.com\/wp-content\/uploads\/2020\/02\/imagen_278_5069-scaled.jpg\",\"datePublished\":\"2011-05-15T22:00:00+00:00\",\"dateModified\":\"2011-05-15T22:00:00+00:00\",\"author\":{\"@id\":\"https:\/\/www.ceaga.com\/en\/#\/schema\/person\/b55950d0424feae2fbda84a8f9b18dbc\"},\"breadcrumb\":{\"@id\":\"https:\/\/www.ceaga.com\/en\/ceaga-participated-in-a-conference-about-the-future-of-green-powertrains\/#breadcrumb\"},\"inLanguage\":\"en-US\",\"potentialAction\":[{\"@type\":\"ReadAction\",\"target\":[\"https:\/\/www.ceaga.com\/en\/ceaga-participated-in-a-conference-about-the-future-of-green-powertrains\/\"]}]},{\"@type\":\"ImageObject\",\"inLanguage\":\"en-US\",\"@id\":\"https:\/\/www.ceaga.com\/en\/ceaga-participated-in-a-conference-about-the-future-of-green-powertrains\/#primaryimage\",\"url\":\"https:\/\/www.ceaga.com\/wp-content\/uploads\/2020\/02\/imagen_278_5069-scaled.jpg\",\"contentUrl\":\"https:\/\/www.ceaga.com\/wp-content\/uploads\/2020\/02\/imagen_278_5069-scaled.jpg\",\"width\":2560,\"height\":1700,\"caption\":\"Jornada sobre el futuro de la motorizaci\u00f3n verde celebrada en Eslovenia.\"},{\"@type\":\"BreadcrumbList\",\"@id\":\"https:\/\/www.ceaga.com\/en\/ceaga-participated-in-a-conference-about-the-future-of-green-powertrains\/#breadcrumb\",\"itemListElement\":[{\"@type\":\"ListItem\",\"position\":1,\"name\":\"Portada\",\"item\":\"https:\/\/www.ceaga.com\/en\/\"},{\"@type\":\"ListItem\",\"position\":2,\"name\":\"CEAGA participated in a conference about the future of green powertrains\"}]},{\"@type\":\"WebSite\",\"@id\":\"https:\/\/www.ceaga.com\/en\/#website\",\"url\":\"https:\/\/www.ceaga.com\/en\/\",\"name\":\"CEAGA. Cluster de Automoci\u00f3n y Movilidad de Galicia\",\"description\":\"CEAGA atesora a\u00f1os de experiencia en la puesta en marcha de proyectos colaborativos de alto impacto. Actualmente, damos soporte y apoyo estrat\u00e9gico en cluster management a otras entidades a nivel nacional e internacional. Para m\u00e1s info, solicita una reuni\u00f3n a trav\u00e9s de: ceaga@ceaga.com\",\"potentialAction\":[{\"@type\":\"SearchAction\",\"target\":{\"@type\":\"EntryPoint\",\"urlTemplate\":\"https:\/\/www.ceaga.com\/en\/?s={search_term_string}\"},\"query-input\":\"required name=search_term_string\"}],\"inLanguage\":\"en-US\"},{\"@type\":\"Person\",\"@id\":\"https:\/\/www.ceaga.com\/en\/#\/schema\/person\/b55950d0424feae2fbda84a8f9b18dbc\",\"name\":\"Miriam Carames\",\"url\":\"https:\/\/www.ceaga.com\/en\/author\/miriam\/\"}]}<\/script>\n<!-- \/ Yoast SEO plugin. -->","yoast_head_json":{"title":"CEAGA participated in a conference about the future of green powertrains - CEAGA. Cluster de Automocion y Movilidad de Galicia","robots":{"index":"index","follow":"follow","max-snippet":"max-snippet:-1","max-image-preview":"max-image-preview:large","max-video-preview":"max-video-preview:-1"},"canonical":"https:\/\/www.ceaga.com\/en\/ceaga-participated-in-a-conference-about-the-future-of-green-powertrains\/","og_locale":"en_US","og_type":"article","og_title":"CEAGA participated in a conference about the future of green powertrains - CEAGA. Cluster de Automocion y Movilidad de Galicia","og_description":"In the last months, PROSESC (Producer Services and Competitiveness for European Sustainability), funded by the INTERREG IVC Programme of the European Commission, has carried out a strategy for the development of workshops and conferences concerning issues of sustainable mobility and competitiveness of road transport. Last May 10th, CEAGA participated in Slovenia in the project\u2019s Mid-Term [&hellip;]","og_url":"https:\/\/www.ceaga.com\/en\/ceaga-participated-in-a-conference-about-the-future-of-green-powertrains\/","og_site_name":"CEAGA. Cluster de Automocion y Movilidad de Galicia","article_published_time":"2011-05-15T22:00:00+00:00","og_image":[{"width":2560,"height":1700,"url":"https:\/\/www.ceaga.com\/wp-content\/uploads\/2020\/02\/imagen_278_5069-scaled.jpg","type":"image\/jpeg"}],"author":"Miriam Carames","twitter_card":"summary_large_image","twitter_misc":{"Written by":"Miriam Carames","Est. reading time":"1 minute"},"schema":{"@context":"https:\/\/schema.org","@graph":[{"@type":"WebPage","@id":"https:\/\/www.ceaga.com\/en\/ceaga-participated-in-a-conference-about-the-future-of-green-powertrains\/","url":"https:\/\/www.ceaga.com\/en\/ceaga-participated-in-a-conference-about-the-future-of-green-powertrains\/","name":"CEAGA participated in a conference about the future of green powertrains - CEAGA. Cluster de Automocion y Movilidad de Galicia","isPartOf":{"@id":"https:\/\/www.ceaga.com\/en\/#website"},"primaryImageOfPage":{"@id":"https:\/\/www.ceaga.com\/en\/ceaga-participated-in-a-conference-about-the-future-of-green-powertrains\/#primaryimage"},"image":{"@id":"https:\/\/www.ceaga.com\/en\/ceaga-participated-in-a-conference-about-the-future-of-green-powertrains\/#primaryimage"},"thumbnailUrl":"https:\/\/www.ceaga.com\/wp-content\/uploads\/2020\/02\/imagen_278_5069-scaled.jpg","datePublished":"2011-05-15T22:00:00+00:00","dateModified":"2011-05-15T22:00:00+00:00","author":{"@id":"https:\/\/www.ceaga.com\/en\/#\/schema\/person\/b55950d0424feae2fbda84a8f9b18dbc"},"breadcrumb":{"@id":"https:\/\/www.ceaga.com\/en\/ceaga-participated-in-a-conference-about-the-future-of-green-powertrains\/#breadcrumb"},"inLanguage":"en-US","potentialAction":[{"@type":"ReadAction","target":["https:\/\/www.ceaga.com\/en\/ceaga-participated-in-a-conference-about-the-future-of-green-powertrains\/"]}]},{"@type":"ImageObject","inLanguage":"en-US","@id":"https:\/\/www.ceaga.com\/en\/ceaga-participated-in-a-conference-about-the-future-of-green-powertrains\/#primaryimage","url":"https:\/\/www.ceaga.com\/wp-content\/uploads\/2020\/02\/imagen_278_5069-scaled.jpg","contentUrl":"https:\/\/www.ceaga.com\/wp-content\/uploads\/2020\/02\/imagen_278_5069-scaled.jpg","width":2560,"height":1700,"caption":"Jornada sobre el futuro de la motorizaci\u00f3n verde celebrada en Eslovenia."},{"@type":"BreadcrumbList","@id":"https:\/\/www.ceaga.com\/en\/ceaga-participated-in-a-conference-about-the-future-of-green-powertrains\/#breadcrumb","itemListElement":[{"@type":"ListItem","position":1,"name":"Portada","item":"https:\/\/www.ceaga.com\/en\/"},{"@type":"ListItem","position":2,"name":"CEAGA participated in a conference about the future of green powertrains"}]},{"@type":"WebSite","@id":"https:\/\/www.ceaga.com\/en\/#website","url":"https:\/\/www.ceaga.com\/en\/","name":"CEAGA. Cluster de Automoci\u00f3n y Movilidad de Galicia","description":"CEAGA atesora a\u00f1os de experiencia en la puesta en marcha de proyectos colaborativos de alto impacto. Actualmente, damos soporte y apoyo estrat\u00e9gico en cluster management a otras entidades a nivel nacional e internacional. Para m\u00e1s info, solicita una reuni\u00f3n a trav\u00e9s de: ceaga@ceaga.com","potentialAction":[{"@type":"SearchAction","target":{"@type":"EntryPoint","urlTemplate":"https:\/\/www.ceaga.com\/en\/?s={search_term_string}"},"query-input":"required name=search_term_string"}],"inLanguage":"en-US"},{"@type":"Person","@id":"https:\/\/www.ceaga.com\/en\/#\/schema\/person\/b55950d0424feae2fbda84a8f9b18dbc","name":"Miriam Carames","url":"https:\/\/www.ceaga.com\/en\/author\/miriam\/"}]}},"_links":{"self":[{"href":"https:\/\/www.ceaga.com\/en\/wp-json\/wp\/v2\/posts\/16483"}],"collection":[{"href":"https:\/\/www.ceaga.com\/en\/wp-json\/wp\/v2\/posts"}],"about":[{"href":"https:\/\/www.ceaga.com\/en\/wp-json\/wp\/v2\/types\/post"}],"author":[{"embeddable":true,"href":"https:\/\/www.ceaga.com\/en\/wp-json\/wp\/v2\/users\/47"}],"replies":[{"embeddable":true,"href":"https:\/\/www.ceaga.com\/en\/wp-json\/wp\/v2\/comments?post=16483"}],"version-history":[{"count":0,"href":"https:\/\/www.ceaga.com\/en\/wp-json\/wp\/v2\/posts\/16483\/revisions"}],"wp:featuredmedia":[{"embeddable":true,"href":"https:\/\/www.ceaga.com\/en\/wp-json\/wp\/v2\/media\/16484"}],"wp:attachment":[{"href":"https:\/\/www.ceaga.com\/en\/wp-json\/wp\/v2\/media?parent=16483"}],"wp:term":[{"taxonomy":"category","embeddable":true,"href":"https:\/\/www.ceaga.com\/en\/wp-json\/wp\/v2\/categories?post=16483"},{"taxonomy":"post_tag","embeddable":true,"href":"https:\/\/www.ceaga.com\/en\/wp-json\/wp\/v2\/tags?post=16483"}],"curies":[{"name":"wp","href":"https:\/\/api.w.org\/{rel}","templated":true}]}}