{"id":16287,"date":"2008-10-28T00:00:00","date_gmt":"2008-10-27T23:00:00","guid":{"rendered":"https:\/\/ceaga.com\/an-informative-session-has-been-celebrated-to-review-the-economic-crisis\/"},"modified":"2008-10-28T00:00:00","modified_gmt":"2008-10-27T23:00:00","slug":"an-informative-session-has-been-celebrated-to-review-the-economic-crisis","status":"publish","type":"post","link":"https:\/\/www.ceaga.com\/en\/an-informative-session-has-been-celebrated-to-review-the-economic-crisis\/","title":{"rendered":"An Informative Session has been celebrated to review the Economic Crisis"},"content":{"rendered":"<p>Recently, the Steering Committee of CEAGA has maintained a round of contacts with the Galician Regional Government to communicate the current sector situation to them and to obtain the institutional support of its Regional Agencies. <\/p>\n<p>In order to inform CEAGA companies on the situation of the economic crisis and to pick up their opinions and proposals, on October 27 a meeting has been celebrated at CTAG facilities.<\/p>\n<p>Among the participants were Antonio Vega, Pedro Pi\u00f1eiro and Luciano Mart\u00ednez Covelo, in representation of CEAGA and Pierre Ianni in representation of PSA-CV. <\/p>\n<p>Some of the subjects discussed during the meeting were the explanations given with respect to the present situation of PSA-CV and the own industry of components facing the economic crisis. Also, the process of deployment of the 10 anti-crisis measures of the sector was detailed, and the initiative of the Automotive Forum promoted from the Xunta. <\/p>\n<p>At the end of the event a nourished dialogue was ignited between the attending companies by commentaries and questions addressed to the presenters of the meeting. <\/p>\n<p>In case you are interested and would like more details, please contact us:<\/p>\n<p>Abel Tintos<br \/>\nabel.tintos@ceaga.com<br \/>\nTel. 986 213 790<\/p>\n","protected":false},"excerpt":{"rendered":"<p>Recently, the Steering Committee of CEAGA has maintained a round of contacts with the Galician Regional Government to communicate the current sector situation to them and to obtain the institutional support of its Regional Agencies. In order to inform CEAGA companies on the situation of the economic crisis and to pick up their opinions and [&hellip;]<\/p>\n","protected":false},"author":47,"featured_media":16288,"comment_status":"closed","ping_status":"closed","sticky":false,"template":"","format":"standard","meta":{"_acf_changed":false,"footnotes":""},"categories":[1],"tags":[],"acf":[],"yoast_head":"<!-- This site is optimized with the Yoast SEO plugin v23.0 - https:\/\/yoast.com\/wordpress\/plugins\/seo\/ -->\n<title>An Informative Session has been celebrated to review the Economic Crisis - CEAGA. Cluster de Automocion y Movilidad de Galicia<\/title>\n<meta name=\"robots\" content=\"index, follow, max-snippet:-1, max-image-preview:large, max-video-preview:-1\" \/>\n<link rel=\"canonical\" href=\"https:\/\/www.ceaga.com\/en\/an-informative-session-has-been-celebrated-to-review-the-economic-crisis\/\" \/>\n<meta property=\"og:locale\" content=\"en_US\" \/>\n<meta property=\"og:type\" content=\"article\" \/>\n<meta property=\"og:title\" content=\"An Informative Session has been celebrated to review the Economic Crisis - CEAGA. Cluster de Automocion y Movilidad de Galicia\" \/>\n<meta property=\"og:description\" content=\"Recently, the Steering Committee of CEAGA has maintained a round of contacts with the Galician Regional Government to communicate the current sector situation to them and to obtain the institutional support of its Regional Agencies. In order to inform CEAGA companies on the situation of the economic crisis and to pick up their opinions and [&hellip;]\" \/>\n<meta property=\"og:url\" content=\"https:\/\/www.ceaga.com\/en\/an-informative-session-has-been-celebrated-to-review-the-economic-crisis\/\" \/>\n<meta property=\"og:site_name\" content=\"CEAGA. Cluster de Automocion y Movilidad de Galicia\" \/>\n<meta property=\"article:published_time\" content=\"2008-10-27T23:00:00+00:00\" \/>\n<meta property=\"og:image\" content=\"https:\/\/www.ceaga.com\/wp-content\/uploads\/2020\/02\/imagen_105_6704.jpg\" \/>\n\t<meta property=\"og:image:width\" content=\"640\" \/>\n\t<meta property=\"og:image:height\" content=\"480\" \/>\n\t<meta property=\"og:image:type\" content=\"image\/jpeg\" \/>\n<meta name=\"author\" content=\"Miriam Carames\" \/>\n<meta name=\"twitter:card\" content=\"summary_large_image\" \/>\n<meta name=\"twitter:label1\" content=\"Written by\" \/>\n\t<meta name=\"twitter:data1\" content=\"Miriam Carames\" \/>\n\t<meta name=\"twitter:label2\" content=\"Est. reading time\" \/>\n\t<meta name=\"twitter:data2\" content=\"1 minute\" \/>\n<script type=\"application\/ld+json\" class=\"yoast-schema-graph\">{\"@context\":\"https:\/\/schema.org\",\"@graph\":[{\"@type\":\"WebPage\",\"@id\":\"https:\/\/www.ceaga.com\/en\/an-informative-session-has-been-celebrated-to-review-the-economic-crisis\/\",\"url\":\"https:\/\/www.ceaga.com\/en\/an-informative-session-has-been-celebrated-to-review-the-economic-crisis\/\",\"name\":\"An Informative Session has been celebrated to review the Economic Crisis - CEAGA. Cluster de Automocion y Movilidad de Galicia\",\"isPartOf\":{\"@id\":\"https:\/\/www.ceaga.com\/en\/#website\"},\"primaryImageOfPage\":{\"@id\":\"https:\/\/www.ceaga.com\/en\/an-informative-session-has-been-celebrated-to-review-the-economic-crisis\/#primaryimage\"},\"image\":{\"@id\":\"https:\/\/www.ceaga.com\/en\/an-informative-session-has-been-celebrated-to-review-the-economic-crisis\/#primaryimage\"},\"thumbnailUrl\":\"https:\/\/www.ceaga.com\/wp-content\/uploads\/2020\/02\/imagen_105_6704.jpg\",\"datePublished\":\"2008-10-27T23:00:00+00:00\",\"dateModified\":\"2008-10-27T23:00:00+00:00\",\"author\":{\"@id\":\"https:\/\/www.ceaga.com\/en\/#\/schema\/person\/b55950d0424feae2fbda84a8f9b18dbc\"},\"breadcrumb\":{\"@id\":\"https:\/\/www.ceaga.com\/en\/an-informative-session-has-been-celebrated-to-review-the-economic-crisis\/#breadcrumb\"},\"inLanguage\":\"en-US\",\"potentialAction\":[{\"@type\":\"ReadAction\",\"target\":[\"https:\/\/www.ceaga.com\/en\/an-informative-session-has-been-celebrated-to-review-the-economic-crisis\/\"]}]},{\"@type\":\"ImageObject\",\"inLanguage\":\"en-US\",\"@id\":\"https:\/\/www.ceaga.com\/en\/an-informative-session-has-been-celebrated-to-review-the-economic-crisis\/#primaryimage\",\"url\":\"https:\/\/www.ceaga.com\/wp-content\/uploads\/2020\/02\/imagen_105_6704.jpg\",\"contentUrl\":\"https:\/\/www.ceaga.com\/wp-content\/uploads\/2020\/02\/imagen_105_6704.jpg\",\"width\":640,\"height\":480,\"caption\":\"Un importante n\u00famero de empresas del Cluster se dieron cita en la reuni\u00f3n informativa\"},{\"@type\":\"BreadcrumbList\",\"@id\":\"https:\/\/www.ceaga.com\/en\/an-informative-session-has-been-celebrated-to-review-the-economic-crisis\/#breadcrumb\",\"itemListElement\":[{\"@type\":\"ListItem\",\"position\":1,\"name\":\"Portada\",\"item\":\"https:\/\/www.ceaga.com\/en\/\"},{\"@type\":\"ListItem\",\"position\":2,\"name\":\"An Informative Session has been celebrated to review the Economic Crisis\"}]},{\"@type\":\"WebSite\",\"@id\":\"https:\/\/www.ceaga.com\/en\/#website\",\"url\":\"https:\/\/www.ceaga.com\/en\/\",\"name\":\"CEAGA. Cluster de Automoci\u00f3n y Movilidad de Galicia\",\"description\":\"CEAGA atesora a\u00f1os de experiencia en la puesta en marcha de proyectos colaborativos de alto impacto. Actualmente, damos soporte y apoyo estrat\u00e9gico en cluster management a otras entidades a nivel nacional e internacional. Para m\u00e1s info, solicita una reuni\u00f3n a trav\u00e9s de: ceaga@ceaga.com\",\"potentialAction\":[{\"@type\":\"SearchAction\",\"target\":{\"@type\":\"EntryPoint\",\"urlTemplate\":\"https:\/\/www.ceaga.com\/en\/?s={search_term_string}\"},\"query-input\":\"required name=search_term_string\"}],\"inLanguage\":\"en-US\"},{\"@type\":\"Person\",\"@id\":\"https:\/\/www.ceaga.com\/en\/#\/schema\/person\/b55950d0424feae2fbda84a8f9b18dbc\",\"name\":\"Miriam Carames\",\"url\":\"https:\/\/www.ceaga.com\/en\/author\/miriam\/\"}]}<\/script>\n<!-- \/ Yoast SEO plugin. -->","yoast_head_json":{"title":"An Informative Session has been celebrated to review the Economic Crisis - CEAGA. Cluster de Automocion y Movilidad de Galicia","robots":{"index":"index","follow":"follow","max-snippet":"max-snippet:-1","max-image-preview":"max-image-preview:large","max-video-preview":"max-video-preview:-1"},"canonical":"https:\/\/www.ceaga.com\/en\/an-informative-session-has-been-celebrated-to-review-the-economic-crisis\/","og_locale":"en_US","og_type":"article","og_title":"An Informative Session has been celebrated to review the Economic Crisis - CEAGA. Cluster de Automocion y Movilidad de Galicia","og_description":"Recently, the Steering Committee of CEAGA has maintained a round of contacts with the Galician Regional Government to communicate the current sector situation to them and to obtain the institutional support of its Regional Agencies. In order to inform CEAGA companies on the situation of the economic crisis and to pick up their opinions and [&hellip;]","og_url":"https:\/\/www.ceaga.com\/en\/an-informative-session-has-been-celebrated-to-review-the-economic-crisis\/","og_site_name":"CEAGA. Cluster de Automocion y Movilidad de Galicia","article_published_time":"2008-10-27T23:00:00+00:00","og_image":[{"width":640,"height":480,"url":"https:\/\/www.ceaga.com\/wp-content\/uploads\/2020\/02\/imagen_105_6704.jpg","type":"image\/jpeg"}],"author":"Miriam Carames","twitter_card":"summary_large_image","twitter_misc":{"Written by":"Miriam Carames","Est. reading time":"1 minute"},"schema":{"@context":"https:\/\/schema.org","@graph":[{"@type":"WebPage","@id":"https:\/\/www.ceaga.com\/en\/an-informative-session-has-been-celebrated-to-review-the-economic-crisis\/","url":"https:\/\/www.ceaga.com\/en\/an-informative-session-has-been-celebrated-to-review-the-economic-crisis\/","name":"An Informative Session has been celebrated to review the Economic Crisis - CEAGA. Cluster de Automocion y Movilidad de Galicia","isPartOf":{"@id":"https:\/\/www.ceaga.com\/en\/#website"},"primaryImageOfPage":{"@id":"https:\/\/www.ceaga.com\/en\/an-informative-session-has-been-celebrated-to-review-the-economic-crisis\/#primaryimage"},"image":{"@id":"https:\/\/www.ceaga.com\/en\/an-informative-session-has-been-celebrated-to-review-the-economic-crisis\/#primaryimage"},"thumbnailUrl":"https:\/\/www.ceaga.com\/wp-content\/uploads\/2020\/02\/imagen_105_6704.jpg","datePublished":"2008-10-27T23:00:00+00:00","dateModified":"2008-10-27T23:00:00+00:00","author":{"@id":"https:\/\/www.ceaga.com\/en\/#\/schema\/person\/b55950d0424feae2fbda84a8f9b18dbc"},"breadcrumb":{"@id":"https:\/\/www.ceaga.com\/en\/an-informative-session-has-been-celebrated-to-review-the-economic-crisis\/#breadcrumb"},"inLanguage":"en-US","potentialAction":[{"@type":"ReadAction","target":["https:\/\/www.ceaga.com\/en\/an-informative-session-has-been-celebrated-to-review-the-economic-crisis\/"]}]},{"@type":"ImageObject","inLanguage":"en-US","@id":"https:\/\/www.ceaga.com\/en\/an-informative-session-has-been-celebrated-to-review-the-economic-crisis\/#primaryimage","url":"https:\/\/www.ceaga.com\/wp-content\/uploads\/2020\/02\/imagen_105_6704.jpg","contentUrl":"https:\/\/www.ceaga.com\/wp-content\/uploads\/2020\/02\/imagen_105_6704.jpg","width":640,"height":480,"caption":"Un importante n\u00famero de empresas del Cluster se dieron cita en la reuni\u00f3n informativa"},{"@type":"BreadcrumbList","@id":"https:\/\/www.ceaga.com\/en\/an-informative-session-has-been-celebrated-to-review-the-economic-crisis\/#breadcrumb","itemListElement":[{"@type":"ListItem","position":1,"name":"Portada","item":"https:\/\/www.ceaga.com\/en\/"},{"@type":"ListItem","position":2,"name":"An Informative Session has been celebrated to review the Economic Crisis"}]},{"@type":"WebSite","@id":"https:\/\/www.ceaga.com\/en\/#website","url":"https:\/\/www.ceaga.com\/en\/","name":"CEAGA. Cluster de Automoci\u00f3n y Movilidad de Galicia","description":"CEAGA atesora a\u00f1os de experiencia en la puesta en marcha de proyectos colaborativos de alto impacto. Actualmente, damos soporte y apoyo estrat\u00e9gico en cluster management a otras entidades a nivel nacional e internacional. Para m\u00e1s info, solicita una reuni\u00f3n a trav\u00e9s de: ceaga@ceaga.com","potentialAction":[{"@type":"SearchAction","target":{"@type":"EntryPoint","urlTemplate":"https:\/\/www.ceaga.com\/en\/?s={search_term_string}"},"query-input":"required name=search_term_string"}],"inLanguage":"en-US"},{"@type":"Person","@id":"https:\/\/www.ceaga.com\/en\/#\/schema\/person\/b55950d0424feae2fbda84a8f9b18dbc","name":"Miriam Carames","url":"https:\/\/www.ceaga.com\/en\/author\/miriam\/"}]}},"_links":{"self":[{"href":"https:\/\/www.ceaga.com\/en\/wp-json\/wp\/v2\/posts\/16287"}],"collection":[{"href":"https:\/\/www.ceaga.com\/en\/wp-json\/wp\/v2\/posts"}],"about":[{"href":"https:\/\/www.ceaga.com\/en\/wp-json\/wp\/v2\/types\/post"}],"author":[{"embeddable":true,"href":"https:\/\/www.ceaga.com\/en\/wp-json\/wp\/v2\/users\/47"}],"replies":[{"embeddable":true,"href":"https:\/\/www.ceaga.com\/en\/wp-json\/wp\/v2\/comments?post=16287"}],"version-history":[{"count":0,"href":"https:\/\/www.ceaga.com\/en\/wp-json\/wp\/v2\/posts\/16287\/revisions"}],"wp:featuredmedia":[{"embeddable":true,"href":"https:\/\/www.ceaga.com\/en\/wp-json\/wp\/v2\/media\/16288"}],"wp:attachment":[{"href":"https:\/\/www.ceaga.com\/en\/wp-json\/wp\/v2\/media?parent=16287"}],"wp:term":[{"taxonomy":"category","embeddable":true,"href":"https:\/\/www.ceaga.com\/en\/wp-json\/wp\/v2\/categories?post=16287"},{"taxonomy":"post_tag","embeddable":true,"href":"https:\/\/www.ceaga.com\/en\/wp-json\/wp\/v2\/tags?post=16287"}],"curies":[{"name":"wp","href":"https:\/\/api.w.org\/{rel}","templated":true}]}}