{"id":16267,"date":"2008-10-15T00:00:00","date_gmt":"2008-10-14T22:00:00","guid":{"rendered":"https:\/\/ceaga.com\/meeting-of-the-regional-minister-of-innovation-and-industry-with-the-galician-automotive-sector\/"},"modified":"2008-10-15T00:00:00","modified_gmt":"2008-10-14T22:00:00","slug":"meeting-of-the-regional-minister-of-innovation-and-industry-with-the-galician-automotive-sector","status":"publish","type":"post","link":"https:\/\/www.ceaga.com\/en\/meeting-of-the-regional-minister-of-innovation-and-industry-with-the-galician-automotive-sector\/","title":{"rendered":"Meeting of the Regional Minister of Innovation and Industry with the Galician Automotive Sector"},"content":{"rendered":"<p>The President of CEAGA, Antonio Vega, referred to the Anti-Crisis Measures presented last October 10th, at the time that he emphasized those actions and projects, such as CTAG II among others, which would have a very positive impact for the sector and can be endorsed from the Regional Ministry.<\/p>\n<p>The Regional Minister of Innovation and Industry, Fernando Blanco, expressed the support to the measures and actions presented in order to improve the competitiveness, such as those related to the energetic efficiency, improvement of logistic processes, investments in R+D+i and also the CEAGA Lean Production System.<\/p>\n<p>Also, Pierre Ianni, Director of PSA Peugeot Citro\u00ebn-Vigo Centre, expressed that the sector must have the will to result reinforced from the crisis, at the time that he invited to \u201daccelerate\u201d as much as possible.<\/p>\n<p>If you would like further information, do not hesitate to contact us:<\/p>\n<p>Abel Tintos<br \/>\nabel.tintos@ceaga.com<br \/>\nTel. 986 213 790<\/p>\n","protected":false},"excerpt":{"rendered":"<p>The President of CEAGA, Antonio Vega, referred to the Anti-Crisis Measures presented last October 10th, at the time that he emphasized those actions and projects, such as CTAG II among others, which would have a very positive impact for the sector and can be endorsed from the Regional Ministry. The Regional Minister of Innovation and [&hellip;]<\/p>\n","protected":false},"author":47,"featured_media":16268,"comment_status":"closed","ping_status":"closed","sticky":false,"template":"","format":"standard","meta":{"_acf_changed":false,"footnotes":""},"categories":[1],"tags":[],"acf":[],"yoast_head":"<!-- This site is optimized with the Yoast SEO plugin v23.0 - https:\/\/yoast.com\/wordpress\/plugins\/seo\/ -->\n<title>Meeting of the Regional Minister of Innovation and Industry with the Galician Automotive Sector - CEAGA. Cluster de Automocion y Movilidad de Galicia<\/title>\n<meta name=\"robots\" content=\"index, follow, max-snippet:-1, max-image-preview:large, max-video-preview:-1\" \/>\n<link rel=\"canonical\" href=\"https:\/\/www.ceaga.com\/en\/meeting-of-the-regional-minister-of-innovation-and-industry-with-the-galician-automotive-sector\/\" \/>\n<meta property=\"og:locale\" content=\"en_US\" \/>\n<meta property=\"og:type\" content=\"article\" \/>\n<meta property=\"og:title\" content=\"Meeting of the Regional Minister of Innovation and Industry with the Galician Automotive Sector - CEAGA. Cluster de Automocion y Movilidad de Galicia\" \/>\n<meta property=\"og:description\" content=\"The President of CEAGA, Antonio Vega, referred to the Anti-Crisis Measures presented last October 10th, at the time that he emphasized those actions and projects, such as CTAG II among others, which would have a very positive impact for the sector and can be endorsed from the Regional Ministry. The Regional Minister of Innovation and [&hellip;]\" \/>\n<meta property=\"og:url\" content=\"https:\/\/www.ceaga.com\/en\/meeting-of-the-regional-minister-of-innovation-and-industry-with-the-galician-automotive-sector\/\" \/>\n<meta property=\"og:site_name\" content=\"CEAGA. Cluster de Automocion y Movilidad de Galicia\" \/>\n<meta property=\"article:published_time\" content=\"2008-10-14T22:00:00+00:00\" \/>\n<meta property=\"og:image\" content=\"https:\/\/www.ceaga.com\/wp-content\/uploads\/2020\/02\/imagen_95_763.jpg\" \/>\n\t<meta property=\"og:image:width\" content=\"154\" \/>\n\t<meta property=\"og:image:height\" content=\"102\" \/>\n\t<meta property=\"og:image:type\" content=\"image\/jpeg\" \/>\n<meta name=\"author\" content=\"Miriam Carames\" \/>\n<meta name=\"twitter:card\" content=\"summary_large_image\" \/>\n<meta name=\"twitter:label1\" content=\"Written by\" \/>\n\t<meta name=\"twitter:data1\" content=\"Miriam Carames\" \/>\n\t<meta name=\"twitter:label2\" content=\"Est. reading time\" \/>\n\t<meta name=\"twitter:data2\" content=\"1 minute\" \/>\n<script type=\"application\/ld+json\" class=\"yoast-schema-graph\">{\"@context\":\"https:\/\/schema.org\",\"@graph\":[{\"@type\":\"WebPage\",\"@id\":\"https:\/\/www.ceaga.com\/en\/meeting-of-the-regional-minister-of-innovation-and-industry-with-the-galician-automotive-sector\/\",\"url\":\"https:\/\/www.ceaga.com\/en\/meeting-of-the-regional-minister-of-innovation-and-industry-with-the-galician-automotive-sector\/\",\"name\":\"Meeting of the Regional Minister of Innovation and Industry with the Galician Automotive Sector - CEAGA. Cluster de Automocion y Movilidad de Galicia\",\"isPartOf\":{\"@id\":\"https:\/\/www.ceaga.com\/en\/#website\"},\"primaryImageOfPage\":{\"@id\":\"https:\/\/www.ceaga.com\/en\/meeting-of-the-regional-minister-of-innovation-and-industry-with-the-galician-automotive-sector\/#primaryimage\"},\"image\":{\"@id\":\"https:\/\/www.ceaga.com\/en\/meeting-of-the-regional-minister-of-innovation-and-industry-with-the-galician-automotive-sector\/#primaryimage\"},\"thumbnailUrl\":\"https:\/\/www.ceaga.com\/wp-content\/uploads\/2020\/02\/imagen_95_763.jpg\",\"datePublished\":\"2008-10-14T22:00:00+00:00\",\"dateModified\":\"2008-10-14T22:00:00+00:00\",\"author\":{\"@id\":\"https:\/\/www.ceaga.com\/en\/#\/schema\/person\/b55950d0424feae2fbda84a8f9b18dbc\"},\"breadcrumb\":{\"@id\":\"https:\/\/www.ceaga.com\/en\/meeting-of-the-regional-minister-of-innovation-and-industry-with-the-galician-automotive-sector\/#breadcrumb\"},\"inLanguage\":\"en-US\",\"potentialAction\":[{\"@type\":\"ReadAction\",\"target\":[\"https:\/\/www.ceaga.com\/en\/meeting-of-the-regional-minister-of-innovation-and-industry-with-the-galician-automotive-sector\/\"]}]},{\"@type\":\"ImageObject\",\"inLanguage\":\"en-US\",\"@id\":\"https:\/\/www.ceaga.com\/en\/meeting-of-the-regional-minister-of-innovation-and-industry-with-the-galician-automotive-sector\/#primaryimage\",\"url\":\"https:\/\/www.ceaga.com\/wp-content\/uploads\/2020\/02\/imagen_95_763.jpg\",\"contentUrl\":\"https:\/\/www.ceaga.com\/wp-content\/uploads\/2020\/02\/imagen_95_763.jpg\",\"width\":154,\"height\":102,\"caption\":\"Reuni\u00f3n del Conselleiro de Industria con Representantes del Sector de Automoci\u00f3n de Galicia\"},{\"@type\":\"BreadcrumbList\",\"@id\":\"https:\/\/www.ceaga.com\/en\/meeting-of-the-regional-minister-of-innovation-and-industry-with-the-galician-automotive-sector\/#breadcrumb\",\"itemListElement\":[{\"@type\":\"ListItem\",\"position\":1,\"name\":\"Portada\",\"item\":\"https:\/\/www.ceaga.com\/en\/\"},{\"@type\":\"ListItem\",\"position\":2,\"name\":\"Meeting of the Regional Minister of Innovation and Industry with the Galician Automotive Sector\"}]},{\"@type\":\"WebSite\",\"@id\":\"https:\/\/www.ceaga.com\/en\/#website\",\"url\":\"https:\/\/www.ceaga.com\/en\/\",\"name\":\"CEAGA. Cluster de Automoci\u00f3n y Movilidad de Galicia\",\"description\":\"CEAGA atesora a\u00f1os de experiencia en la puesta en marcha de proyectos colaborativos de alto impacto. Actualmente, damos soporte y apoyo estrat\u00e9gico en cluster management a otras entidades a nivel nacional e internacional. Para m\u00e1s info, solicita una reuni\u00f3n a trav\u00e9s de: ceaga@ceaga.com\",\"potentialAction\":[{\"@type\":\"SearchAction\",\"target\":{\"@type\":\"EntryPoint\",\"urlTemplate\":\"https:\/\/www.ceaga.com\/en\/?s={search_term_string}\"},\"query-input\":\"required name=search_term_string\"}],\"inLanguage\":\"en-US\"},{\"@type\":\"Person\",\"@id\":\"https:\/\/www.ceaga.com\/en\/#\/schema\/person\/b55950d0424feae2fbda84a8f9b18dbc\",\"name\":\"Miriam Carames\",\"url\":\"https:\/\/www.ceaga.com\/en\/author\/miriam\/\"}]}<\/script>\n<!-- \/ Yoast SEO plugin. -->","yoast_head_json":{"title":"Meeting of the Regional Minister of Innovation and Industry with the Galician Automotive Sector - CEAGA. Cluster de Automocion y Movilidad de Galicia","robots":{"index":"index","follow":"follow","max-snippet":"max-snippet:-1","max-image-preview":"max-image-preview:large","max-video-preview":"max-video-preview:-1"},"canonical":"https:\/\/www.ceaga.com\/en\/meeting-of-the-regional-minister-of-innovation-and-industry-with-the-galician-automotive-sector\/","og_locale":"en_US","og_type":"article","og_title":"Meeting of the Regional Minister of Innovation and Industry with the Galician Automotive Sector - CEAGA. Cluster de Automocion y Movilidad de Galicia","og_description":"The President of CEAGA, Antonio Vega, referred to the Anti-Crisis Measures presented last October 10th, at the time that he emphasized those actions and projects, such as CTAG II among others, which would have a very positive impact for the sector and can be endorsed from the Regional Ministry. The Regional Minister of Innovation and [&hellip;]","og_url":"https:\/\/www.ceaga.com\/en\/meeting-of-the-regional-minister-of-innovation-and-industry-with-the-galician-automotive-sector\/","og_site_name":"CEAGA. Cluster de Automocion y Movilidad de Galicia","article_published_time":"2008-10-14T22:00:00+00:00","og_image":[{"width":154,"height":102,"url":"https:\/\/www.ceaga.com\/wp-content\/uploads\/2020\/02\/imagen_95_763.jpg","type":"image\/jpeg"}],"author":"Miriam Carames","twitter_card":"summary_large_image","twitter_misc":{"Written by":"Miriam Carames","Est. reading time":"1 minute"},"schema":{"@context":"https:\/\/schema.org","@graph":[{"@type":"WebPage","@id":"https:\/\/www.ceaga.com\/en\/meeting-of-the-regional-minister-of-innovation-and-industry-with-the-galician-automotive-sector\/","url":"https:\/\/www.ceaga.com\/en\/meeting-of-the-regional-minister-of-innovation-and-industry-with-the-galician-automotive-sector\/","name":"Meeting of the Regional Minister of Innovation and Industry with the Galician Automotive Sector - CEAGA. Cluster de Automocion y Movilidad de Galicia","isPartOf":{"@id":"https:\/\/www.ceaga.com\/en\/#website"},"primaryImageOfPage":{"@id":"https:\/\/www.ceaga.com\/en\/meeting-of-the-regional-minister-of-innovation-and-industry-with-the-galician-automotive-sector\/#primaryimage"},"image":{"@id":"https:\/\/www.ceaga.com\/en\/meeting-of-the-regional-minister-of-innovation-and-industry-with-the-galician-automotive-sector\/#primaryimage"},"thumbnailUrl":"https:\/\/www.ceaga.com\/wp-content\/uploads\/2020\/02\/imagen_95_763.jpg","datePublished":"2008-10-14T22:00:00+00:00","dateModified":"2008-10-14T22:00:00+00:00","author":{"@id":"https:\/\/www.ceaga.com\/en\/#\/schema\/person\/b55950d0424feae2fbda84a8f9b18dbc"},"breadcrumb":{"@id":"https:\/\/www.ceaga.com\/en\/meeting-of-the-regional-minister-of-innovation-and-industry-with-the-galician-automotive-sector\/#breadcrumb"},"inLanguage":"en-US","potentialAction":[{"@type":"ReadAction","target":["https:\/\/www.ceaga.com\/en\/meeting-of-the-regional-minister-of-innovation-and-industry-with-the-galician-automotive-sector\/"]}]},{"@type":"ImageObject","inLanguage":"en-US","@id":"https:\/\/www.ceaga.com\/en\/meeting-of-the-regional-minister-of-innovation-and-industry-with-the-galician-automotive-sector\/#primaryimage","url":"https:\/\/www.ceaga.com\/wp-content\/uploads\/2020\/02\/imagen_95_763.jpg","contentUrl":"https:\/\/www.ceaga.com\/wp-content\/uploads\/2020\/02\/imagen_95_763.jpg","width":154,"height":102,"caption":"Reuni\u00f3n del Conselleiro de Industria con Representantes del Sector de Automoci\u00f3n de Galicia"},{"@type":"BreadcrumbList","@id":"https:\/\/www.ceaga.com\/en\/meeting-of-the-regional-minister-of-innovation-and-industry-with-the-galician-automotive-sector\/#breadcrumb","itemListElement":[{"@type":"ListItem","position":1,"name":"Portada","item":"https:\/\/www.ceaga.com\/en\/"},{"@type":"ListItem","position":2,"name":"Meeting of the Regional Minister of Innovation and Industry with the Galician Automotive Sector"}]},{"@type":"WebSite","@id":"https:\/\/www.ceaga.com\/en\/#website","url":"https:\/\/www.ceaga.com\/en\/","name":"CEAGA. Cluster de Automoci\u00f3n y Movilidad de Galicia","description":"CEAGA atesora a\u00f1os de experiencia en la puesta en marcha de proyectos colaborativos de alto impacto. Actualmente, damos soporte y apoyo estrat\u00e9gico en cluster management a otras entidades a nivel nacional e internacional. Para m\u00e1s info, solicita una reuni\u00f3n a trav\u00e9s de: ceaga@ceaga.com","potentialAction":[{"@type":"SearchAction","target":{"@type":"EntryPoint","urlTemplate":"https:\/\/www.ceaga.com\/en\/?s={search_term_string}"},"query-input":"required name=search_term_string"}],"inLanguage":"en-US"},{"@type":"Person","@id":"https:\/\/www.ceaga.com\/en\/#\/schema\/person\/b55950d0424feae2fbda84a8f9b18dbc","name":"Miriam Carames","url":"https:\/\/www.ceaga.com\/en\/author\/miriam\/"}]}},"_links":{"self":[{"href":"https:\/\/www.ceaga.com\/en\/wp-json\/wp\/v2\/posts\/16267"}],"collection":[{"href":"https:\/\/www.ceaga.com\/en\/wp-json\/wp\/v2\/posts"}],"about":[{"href":"https:\/\/www.ceaga.com\/en\/wp-json\/wp\/v2\/types\/post"}],"author":[{"embeddable":true,"href":"https:\/\/www.ceaga.com\/en\/wp-json\/wp\/v2\/users\/47"}],"replies":[{"embeddable":true,"href":"https:\/\/www.ceaga.com\/en\/wp-json\/wp\/v2\/comments?post=16267"}],"version-history":[{"count":0,"href":"https:\/\/www.ceaga.com\/en\/wp-json\/wp\/v2\/posts\/16267\/revisions"}],"wp:featuredmedia":[{"embeddable":true,"href":"https:\/\/www.ceaga.com\/en\/wp-json\/wp\/v2\/media\/16268"}],"wp:attachment":[{"href":"https:\/\/www.ceaga.com\/en\/wp-json\/wp\/v2\/media?parent=16267"}],"wp:term":[{"taxonomy":"category","embeddable":true,"href":"https:\/\/www.ceaga.com\/en\/wp-json\/wp\/v2\/categories?post=16267"},{"taxonomy":"post_tag","embeddable":true,"href":"https:\/\/www.ceaga.com\/en\/wp-json\/wp\/v2\/tags?post=16267"}],"curies":[{"name":"wp","href":"https:\/\/api.w.org\/{rel}","templated":true}]}}